{"id":10072,"date":"2024-11-27T14:53:56","date_gmt":"2024-11-27T13:53:56","guid":{"rendered":"https:\/\/grupo-organistrum.com\/la-exposicion-cantantes-liricas-gallegas-de-los-siglos-xix-y-xx-de-galicia-a-los-teatros-de-europa-america-y-africa-emprende-ahora-su-viaje-virtual\/"},"modified":"2024-12-03T13:36:20","modified_gmt":"2024-12-03T12:36:20","slug":"la-exposicion-cantantes-liricas-gallegas-de-los-siglos-xix-y-xx-de-galicia-a-los-teatros-de-europa-america-y-africa-emprende-ahora-su-viaje-virtual","status":"publish","type":"post","link":"https:\/\/grupo-organistrum.com\/gl\/la-exposicion-cantantes-liricas-gallegas-de-los-siglos-xix-y-xx-de-galicia-a-los-teatros-de-europa-america-y-africa-emprende-ahora-su-viaje-virtual\/","title":{"rendered":"A exposici\u00f3n &#8220;Cantantes l\u00edricas galegas dos s\u00e9culos XIX e XX. De Galicia aos teatros de Europa, Am\u00e9rica e \u00c1frica&#8221;, emprende agora a s\u00faa viaxe virtual"},"content":{"rendered":"\n<p>A exposici\u00f3n \u201cCantantes L\u00edricas Gallegas dos siglos XIX y XX. De Galicia aos teatros de Europa, Am\u00e9rica e \u00c1frica\u201d, comisariada polo Prof de Historia da M\u00fasica da USC, Javier Garbayo, xunto coa Profra. da UNIR, M\u00aa del Carmen Lorenzo Vizca\u00edno, que poido visitarse no Sal\u00f3n artesoado do Colexio de Fonseca durante o mes de outubro, ata o pasado 16 de novembro, emprende agora unha viaxe virtual pero medio das novas tecnolox\u00edas.<\/p>\n\n\n\n<p>Se o seu obxectivo foi recuperar para a nosa cultura e co\u00f1ecemento da cidadan\u00eda, a memoria de 23 mulleres, todas elas grandes cantantes l\u00edricas galegas, a trav\u00e9s dun formato atractivo baseado en paneis informativos ilustrados, organizados como un gran decorado teatral, non faltou un ap\u00e0rtado espec\u00edfico de actividades did\u00e1cticas interactivas dixitais, dese\u00f1adas por un equipo de especialistas en colaboraci\u00f3n co Grupo de investigaci\u00f3n TECNOEDUC e baixo a coordinaci\u00f3n da Profa. Laura Touri\u00f1\u00e1n.<\/p>\n\n\n\n<p>Afondando na transferencia do co\u00f1ecemento e para estender o alcance da mostra presencial, est\u00e1 dispo\u00f1ible unha visita inmersiva \u00e1 mostra utilizando Realidade Virtual. A creaci\u00f3n desta nova actividade \u00e9 posible grazas \u00e1 colaboraci\u00f3n co CESGA, reproduc\u00edndose unha boa parte dos materiais da exposici\u00f3n, accedendo a ela dende un navegador web &nbsp;por medio de dispositivo m\u00f3bil ou de sobremesa.<\/p>\n\n\n\n<p>A \u00c1rea de Elearning do CESGA dese\u00f1a e experimenta con ferramentas de Realidade Aumentada e Realidade Virtual para o seu uso educativo, dende fai varios anos, no marco de Proxectos Europeos de Innovaci\u00f3n Educativa. Esta colaboraci\u00f3n co CESGA permite ademais, o acceso directo ao conxunto de actividades did\u00e1cticas interactivas dende a propia visita virtual, cun amplo despliegue de recursos onde tam\u00e9n se utiliza Intelixencia Artificial xenerativa.<\/p>\n\n\n\n<p>Deste xeito procurase dotar \u00e1 exposici\u00f3n dun formato atractivo que permita \u201cxogar\u201d mergullando nos seus contidos, fac\u00e9ndoos m\u00e1is atractivos e accesibles para o p\u00fablico novo.<\/p>\n\n\n\n<div class=\"wp-block-buttons is-layout-flex wp-block-buttons-is-layout-flex\">\n<div class=\"wp-block-button\"><a class=\"wp-block-button__link wp-element-button\" href=\"https:\/\/grupo-organistrum.com\/Expo-2024\/\" target=\"_blank\" rel=\"noreferrer noopener\">Exposici\u00f3n virtual<\/a><\/div>\n\n\n\n<div class=\"wp-block-button\"><a class=\"wp-block-button__link wp-element-button\" href=\"https:\/\/liricagalega.wixsite.com\/expo\" target=\"_blank\" rel=\"noreferrer noopener\">Web da exposici\u00f3n<\/a><\/div>\n<\/div>\n\n\n\n<p><\/p>\n\n\n\n<div class=\"wp-block-buttons is-layout-flex wp-block-buttons-is-layout-flex\">\n<div class=\"wp-block-button\"><a class=\"wp-block-button__link wp-element-button\" href=\"https:\/\/www.gciencia.com\/perspectivas\/viaxe-virtual-polas-grandes-voces-da-lirica-galega-grazas-a-realidade-aumentada\/\" target=\"_blank\" rel=\"noreferrer noopener\">GCiencia 3\/12\/24<\/a><\/div>\n\n\n\n<div class=\"wp-block-button\"><a class=\"wp-block-button__link wp-element-button\" href=\"https:\/\/www.usc.gal\/gl\/xornal\/novas\/exposicion-cantantes-liricas-galegas-seculos-xix-xx-galicia-teatros-europa-america-africa-emprende-agora-sua-viaxe-virtual\" target=\"_blank\" rel=\"noreferrer noopener\">Xornal USC 28\/11\/24<\/a><\/div>\n<\/div>\n","protected":false},"excerpt":{"rendered":"<p>A exposici\u00f3n \u201cCantantes L\u00edricas Gallegas dos siglos XIX y XX. De Galicia aos teatros de Europa, Am\u00e9rica e \u00c1frica\u201d, comisariada polo Prof de Historia da M\u00fasica da USC, Javier Garbayo, xunto coa Profra. da UNIR, M\u00aa del Carmen Lorenzo Vizca\u00edno, que poido visitarse no Sal\u00f3n artesoado do Colexio de Fonseca durante o mes de outubro, &#8230; <a title=\"A exposici\u00f3n &#8220;Cantantes l\u00edricas galegas dos s\u00e9culos XIX e XX. De Galicia aos teatros de Europa, Am\u00e9rica e \u00c1frica&#8221;, emprende agora a s\u00faa viaxe virtual\" class=\"read-more\" href=\"https:\/\/grupo-organistrum.com\/gl\/la-exposicion-cantantes-liricas-gallegas-de-los-siglos-xix-y-xx-de-galicia-a-los-teatros-de-europa-america-y-africa-emprende-ahora-su-viaje-virtual\/\" aria-label=\"Le m\u00e1is sobre A exposici\u00f3n &#8220;Cantantes l\u00edricas galegas dos s\u00e9culos XIX e XX. De Galicia aos teatros de Europa, Am\u00e9rica e \u00c1frica&#8221;, emprende agora a s\u00faa viaxe virtual\">Ler m\u00e1is<\/a><\/p>\n","protected":false},"author":2,"featured_media":10069,"comment_status":"closed","ping_status":"closed","sticky":false,"template":"","format":"standard","meta":{"_acf_changed":false,"footnotes":""},"categories":[2],"tags":[],"class_list":["post-10072","post","type-post","status-publish","format-standard","has-post-thumbnail","hentry","category-grupo-organistrum"],"acf":[],"yoast_head":"<!-- This site is optimized with the Yoast SEO plugin v25.2 - https:\/\/yoast.com\/wordpress\/plugins\/seo\/ -->\n<title>A exposici\u00f3n &quot;Cantantes l\u00edricas galegas dos s\u00e9culos XIX e XX. De Galicia aos teatros de Europa, Am\u00e9rica e \u00c1frica&quot;, emprende agora a s\u00faa viaxe virtual - Organistrum<\/title>\n<meta name=\"robots\" content=\"index, follow, max-snippet:-1, max-image-preview:large, max-video-preview:-1\" \/>\n<link rel=\"canonical\" href=\"https:\/\/grupo-organistrum.com\/gl\/la-exposicion-cantantes-liricas-gallegas-de-los-siglos-xix-y-xx-de-galicia-a-los-teatros-de-europa-america-y-africa-emprende-ahora-su-viaje-virtual\/\" \/>\n<meta property=\"og:locale\" content=\"gl_ES\" \/>\n<meta property=\"og:type\" content=\"article\" \/>\n<meta property=\"og:title\" content=\"A exposici\u00f3n &quot;Cantantes l\u00edricas galegas dos s\u00e9culos XIX e XX. De Galicia aos teatros de Europa, Am\u00e9rica e \u00c1frica&quot;, emprende agora a s\u00faa viaxe virtual - Organistrum\" \/>\n<meta property=\"og:description\" content=\"A exposici\u00f3n \u201cCantantes L\u00edricas Gallegas dos siglos XIX y XX. De Galicia aos teatros de Europa, Am\u00e9rica e \u00c1frica\u201d, comisariada polo Prof de Historia da M\u00fasica da USC, Javier Garbayo, xunto coa Profra. da UNIR, M\u00aa del Carmen Lorenzo Vizca\u00edno, que poido visitarse no Sal\u00f3n artesoado do Colexio de Fonseca durante o mes de outubro, ... Ler m\u00e1is\" \/>\n<meta property=\"og:url\" content=\"https:\/\/grupo-organistrum.com\/gl\/la-exposicion-cantantes-liricas-gallegas-de-los-siglos-xix-y-xx-de-galicia-a-los-teatros-de-europa-america-y-africa-emprende-ahora-su-viaje-virtual\/\" \/>\n<meta property=\"og:site_name\" content=\"Organistrum\" \/>\n<meta property=\"article:published_time\" content=\"2024-11-27T13:53:56+00:00\" \/>\n<meta property=\"article:modified_time\" content=\"2024-12-03T12:36:20+00:00\" \/>\n<meta property=\"og:image\" content=\"https:\/\/grupo-organistrum.com\/wp-content\/uploads\/2024\/11\/Captura-expo-virtual.jpg\" \/>\n\t<meta property=\"og:image:width\" content=\"1398\" \/>\n\t<meta property=\"og:image:height\" content=\"877\" \/>\n\t<meta property=\"og:image:type\" content=\"image\/jpeg\" \/>\n<meta name=\"author\" content=\"Laura Touri\u00f1an\" \/>\n<meta name=\"twitter:card\" content=\"summary_large_image\" \/>\n<meta name=\"twitter:label1\" content=\"Escrito por\" \/>\n\t<meta name=\"twitter:data1\" content=\"Laura Touri\u00f1an\" \/>\n\t<meta name=\"twitter:label2\" content=\"Tempo de lectura\" \/>\n\t<meta name=\"twitter:data2\" content=\"2 minutos\" \/>\n<script type=\"application\/ld+json\" class=\"yoast-schema-graph\">{\"@context\":\"https:\/\/schema.org\",\"@graph\":[{\"@type\":\"Article\",\"@id\":\"https:\/\/grupo-organistrum.com\/gl\/la-exposicion-cantantes-liricas-gallegas-de-los-siglos-xix-y-xx-de-galicia-a-los-teatros-de-europa-america-y-africa-emprende-ahora-su-viaje-virtual\/#article\",\"isPartOf\":{\"@id\":\"https:\/\/grupo-organistrum.com\/gl\/la-exposicion-cantantes-liricas-gallegas-de-los-siglos-xix-y-xx-de-galicia-a-los-teatros-de-europa-america-y-africa-emprende-ahora-su-viaje-virtual\/\"},\"author\":{\"name\":\"Laura Touri\u00f1an\",\"@id\":\"https:\/\/grupo-organistrum.com\/gl\/#\/schema\/person\/3be8e4cf7abe992fdb684a010c316e1c\"},\"headline\":\"A exposici\u00f3n &#8220;Cantantes l\u00edricas galegas dos s\u00e9culos XIX e XX. De Galicia aos teatros de Europa, Am\u00e9rica e \u00c1frica&#8221;, emprende agora a s\u00faa viaxe virtual\",\"datePublished\":\"2024-11-27T13:53:56+00:00\",\"dateModified\":\"2024-12-03T12:36:20+00:00\",\"mainEntityOfPage\":{\"@id\":\"https:\/\/grupo-organistrum.com\/gl\/la-exposicion-cantantes-liricas-gallegas-de-los-siglos-xix-y-xx-de-galicia-a-los-teatros-de-europa-america-y-africa-emprende-ahora-su-viaje-virtual\/\"},\"wordCount\":362,\"publisher\":{\"@id\":\"https:\/\/grupo-organistrum.com\/gl\/#organization\"},\"image\":{\"@id\":\"https:\/\/grupo-organistrum.com\/gl\/la-exposicion-cantantes-liricas-gallegas-de-los-siglos-xix-y-xx-de-galicia-a-los-teatros-de-europa-america-y-africa-emprende-ahora-su-viaje-virtual\/#primaryimage\"},\"thumbnailUrl\":\"https:\/\/grupo-organistrum.com\/wp-content\/uploads\/2024\/11\/Captura-expo-virtual.jpg\",\"articleSection\":[\"Grupo Organistrum\"],\"inLanguage\":\"gl-ES\"},{\"@type\":\"WebPage\",\"@id\":\"https:\/\/grupo-organistrum.com\/gl\/la-exposicion-cantantes-liricas-gallegas-de-los-siglos-xix-y-xx-de-galicia-a-los-teatros-de-europa-america-y-africa-emprende-ahora-su-viaje-virtual\/\",\"url\":\"https:\/\/grupo-organistrum.com\/gl\/la-exposicion-cantantes-liricas-gallegas-de-los-siglos-xix-y-xx-de-galicia-a-los-teatros-de-europa-america-y-africa-emprende-ahora-su-viaje-virtual\/\",\"name\":\"A exposici\u00f3n \\\"Cantantes l\u00edricas galegas dos s\u00e9culos XIX e XX. De Galicia aos teatros de Europa, Am\u00e9rica e \u00c1frica\\\", emprende agora a s\u00faa viaxe virtual - Organistrum\",\"isPartOf\":{\"@id\":\"https:\/\/grupo-organistrum.com\/gl\/#website\"},\"primaryImageOfPage\":{\"@id\":\"https:\/\/grupo-organistrum.com\/gl\/la-exposicion-cantantes-liricas-gallegas-de-los-siglos-xix-y-xx-de-galicia-a-los-teatros-de-europa-america-y-africa-emprende-ahora-su-viaje-virtual\/#primaryimage\"},\"image\":{\"@id\":\"https:\/\/grupo-organistrum.com\/gl\/la-exposicion-cantantes-liricas-gallegas-de-los-siglos-xix-y-xx-de-galicia-a-los-teatros-de-europa-america-y-africa-emprende-ahora-su-viaje-virtual\/#primaryimage\"},\"thumbnailUrl\":\"https:\/\/grupo-organistrum.com\/wp-content\/uploads\/2024\/11\/Captura-expo-virtual.jpg\",\"datePublished\":\"2024-11-27T13:53:56+00:00\",\"dateModified\":\"2024-12-03T12:36:20+00:00\",\"breadcrumb\":{\"@id\":\"https:\/\/grupo-organistrum.com\/gl\/la-exposicion-cantantes-liricas-gallegas-de-los-siglos-xix-y-xx-de-galicia-a-los-teatros-de-europa-america-y-africa-emprende-ahora-su-viaje-virtual\/#breadcrumb\"},\"inLanguage\":\"gl-ES\",\"potentialAction\":[{\"@type\":\"ReadAction\",\"target\":[\"https:\/\/grupo-organistrum.com\/gl\/la-exposicion-cantantes-liricas-gallegas-de-los-siglos-xix-y-xx-de-galicia-a-los-teatros-de-europa-america-y-africa-emprende-ahora-su-viaje-virtual\/\"]}]},{\"@type\":\"ImageObject\",\"inLanguage\":\"gl-ES\",\"@id\":\"https:\/\/grupo-organistrum.com\/gl\/la-exposicion-cantantes-liricas-gallegas-de-los-siglos-xix-y-xx-de-galicia-a-los-teatros-de-europa-america-y-africa-emprende-ahora-su-viaje-virtual\/#primaryimage\",\"url\":\"https:\/\/grupo-organistrum.com\/wp-content\/uploads\/2024\/11\/Captura-expo-virtual.jpg\",\"contentUrl\":\"https:\/\/grupo-organistrum.com\/wp-content\/uploads\/2024\/11\/Captura-expo-virtual.jpg\",\"width\":1398,\"height\":877},{\"@type\":\"BreadcrumbList\",\"@id\":\"https:\/\/grupo-organistrum.com\/gl\/la-exposicion-cantantes-liricas-gallegas-de-los-siglos-xix-y-xx-de-galicia-a-los-teatros-de-europa-america-y-africa-emprende-ahora-su-viaje-virtual\/#breadcrumb\",\"itemListElement\":[{\"@type\":\"ListItem\",\"position\":1,\"name\":\"Portada\",\"item\":\"https:\/\/grupo-organistrum.com\/gl\/\"},{\"@type\":\"ListItem\",\"position\":2,\"name\":\"A exposici\u00f3n \u00abCantantes l\u00edricas galegas dos s\u00e9culos XIX e XX. De Galicia aos teatros de Europa, Am\u00e9rica e \u00c1frica\u00bb, emprende agora a s\u00faa viaxe virtual\"}]},{\"@type\":\"WebSite\",\"@id\":\"https:\/\/grupo-organistrum.com\/gl\/#website\",\"url\":\"https:\/\/grupo-organistrum.com\/gl\/\",\"name\":\"Organistrum\",\"description\":\"Grupo de Investigaci\u00f3n\",\"publisher\":{\"@id\":\"https:\/\/grupo-organistrum.com\/gl\/#organization\"},\"potentialAction\":[{\"@type\":\"SearchAction\",\"target\":{\"@type\":\"EntryPoint\",\"urlTemplate\":\"https:\/\/grupo-organistrum.com\/gl\/?s={search_term_string}\"},\"query-input\":{\"@type\":\"PropertyValueSpecification\",\"valueRequired\":true,\"valueName\":\"search_term_string\"}}],\"inLanguage\":\"gl-ES\"},{\"@type\":\"Organization\",\"@id\":\"https:\/\/grupo-organistrum.com\/gl\/#organization\",\"name\":\"Grupo Organistrum | Grupo de investigaci\u00f3n | GI-2025\",\"url\":\"https:\/\/grupo-organistrum.com\/gl\/\",\"logo\":{\"@type\":\"ImageObject\",\"inLanguage\":\"gl-ES\",\"@id\":\"https:\/\/grupo-organistrum.com\/gl\/#\/schema\/logo\/image\/\",\"url\":\"https:\/\/grupo-organistrum.com\/wp-content\/uploads\/2022\/02\/logo.png\",\"contentUrl\":\"https:\/\/grupo-organistrum.com\/wp-content\/uploads\/2022\/02\/logo.png\",\"width\":464,\"height\":103,\"caption\":\"Grupo Organistrum | Grupo de investigaci\u00f3n | GI-2025\"},\"image\":{\"@id\":\"https:\/\/grupo-organistrum.com\/gl\/#\/schema\/logo\/image\/\"}},{\"@type\":\"Person\",\"@id\":\"https:\/\/grupo-organistrum.com\/gl\/#\/schema\/person\/3be8e4cf7abe992fdb684a010c316e1c\",\"name\":\"Laura Touri\u00f1an\",\"image\":{\"@type\":\"ImageObject\",\"inLanguage\":\"gl-ES\",\"@id\":\"https:\/\/grupo-organistrum.com\/gl\/#\/schema\/person\/image\/\",\"url\":\"https:\/\/secure.gravatar.com\/avatar\/7e3d8c1f660421aa084fe0512141cd32b70d88542d05643ab2a69286e12e23a0?s=96&d=mm&r=g\",\"contentUrl\":\"https:\/\/secure.gravatar.com\/avatar\/7e3d8c1f660421aa084fe0512141cd32b70d88542d05643ab2a69286e12e23a0?s=96&d=mm&r=g\",\"caption\":\"Laura Touri\u00f1an\"}}]}<\/script>\n<!-- \/ Yoast SEO plugin. -->","yoast_head_json":{"title":"A exposici\u00f3n \"Cantantes l\u00edricas galegas dos s\u00e9culos XIX e XX. De Galicia aos teatros de Europa, Am\u00e9rica e \u00c1frica\", emprende agora a s\u00faa viaxe virtual - Organistrum","robots":{"index":"index","follow":"follow","max-snippet":"max-snippet:-1","max-image-preview":"max-image-preview:large","max-video-preview":"max-video-preview:-1"},"canonical":"https:\/\/grupo-organistrum.com\/gl\/la-exposicion-cantantes-liricas-gallegas-de-los-siglos-xix-y-xx-de-galicia-a-los-teatros-de-europa-america-y-africa-emprende-ahora-su-viaje-virtual\/","og_locale":"gl_ES","og_type":"article","og_title":"A exposici\u00f3n \"Cantantes l\u00edricas galegas dos s\u00e9culos XIX e XX. De Galicia aos teatros de Europa, Am\u00e9rica e \u00c1frica\", emprende agora a s\u00faa viaxe virtual - Organistrum","og_description":"A exposici\u00f3n \u201cCantantes L\u00edricas Gallegas dos siglos XIX y XX. De Galicia aos teatros de Europa, Am\u00e9rica e \u00c1frica\u201d, comisariada polo Prof de Historia da M\u00fasica da USC, Javier Garbayo, xunto coa Profra. da UNIR, M\u00aa del Carmen Lorenzo Vizca\u00edno, que poido visitarse no Sal\u00f3n artesoado do Colexio de Fonseca durante o mes de outubro, ... Ler m\u00e1is","og_url":"https:\/\/grupo-organistrum.com\/gl\/la-exposicion-cantantes-liricas-gallegas-de-los-siglos-xix-y-xx-de-galicia-a-los-teatros-de-europa-america-y-africa-emprende-ahora-su-viaje-virtual\/","og_site_name":"Organistrum","article_published_time":"2024-11-27T13:53:56+00:00","article_modified_time":"2024-12-03T12:36:20+00:00","og_image":[{"width":1398,"height":877,"url":"https:\/\/grupo-organistrum.com\/wp-content\/uploads\/2024\/11\/Captura-expo-virtual.jpg","type":"image\/jpeg"}],"author":"Laura Touri\u00f1an","twitter_card":"summary_large_image","twitter_misc":{"Escrito por":"Laura Touri\u00f1an","Tempo de lectura":"2 minutos"},"schema":{"@context":"https:\/\/schema.org","@graph":[{"@type":"Article","@id":"https:\/\/grupo-organistrum.com\/gl\/la-exposicion-cantantes-liricas-gallegas-de-los-siglos-xix-y-xx-de-galicia-a-los-teatros-de-europa-america-y-africa-emprende-ahora-su-viaje-virtual\/#article","isPartOf":{"@id":"https:\/\/grupo-organistrum.com\/gl\/la-exposicion-cantantes-liricas-gallegas-de-los-siglos-xix-y-xx-de-galicia-a-los-teatros-de-europa-america-y-africa-emprende-ahora-su-viaje-virtual\/"},"author":{"name":"Laura Touri\u00f1an","@id":"https:\/\/grupo-organistrum.com\/gl\/#\/schema\/person\/3be8e4cf7abe992fdb684a010c316e1c"},"headline":"A exposici\u00f3n &#8220;Cantantes l\u00edricas galegas dos s\u00e9culos XIX e XX. De Galicia aos teatros de Europa, Am\u00e9rica e \u00c1frica&#8221;, emprende agora a s\u00faa viaxe virtual","datePublished":"2024-11-27T13:53:56+00:00","dateModified":"2024-12-03T12:36:20+00:00","mainEntityOfPage":{"@id":"https:\/\/grupo-organistrum.com\/gl\/la-exposicion-cantantes-liricas-gallegas-de-los-siglos-xix-y-xx-de-galicia-a-los-teatros-de-europa-america-y-africa-emprende-ahora-su-viaje-virtual\/"},"wordCount":362,"publisher":{"@id":"https:\/\/grupo-organistrum.com\/gl\/#organization"},"image":{"@id":"https:\/\/grupo-organistrum.com\/gl\/la-exposicion-cantantes-liricas-gallegas-de-los-siglos-xix-y-xx-de-galicia-a-los-teatros-de-europa-america-y-africa-emprende-ahora-su-viaje-virtual\/#primaryimage"},"thumbnailUrl":"https:\/\/grupo-organistrum.com\/wp-content\/uploads\/2024\/11\/Captura-expo-virtual.jpg","articleSection":["Grupo Organistrum"],"inLanguage":"gl-ES"},{"@type":"WebPage","@id":"https:\/\/grupo-organistrum.com\/gl\/la-exposicion-cantantes-liricas-gallegas-de-los-siglos-xix-y-xx-de-galicia-a-los-teatros-de-europa-america-y-africa-emprende-ahora-su-viaje-virtual\/","url":"https:\/\/grupo-organistrum.com\/gl\/la-exposicion-cantantes-liricas-gallegas-de-los-siglos-xix-y-xx-de-galicia-a-los-teatros-de-europa-america-y-africa-emprende-ahora-su-viaje-virtual\/","name":"A exposici\u00f3n \"Cantantes l\u00edricas galegas dos s\u00e9culos XIX e XX. De Galicia aos teatros de Europa, Am\u00e9rica e \u00c1frica\", emprende agora a s\u00faa viaxe virtual - Organistrum","isPartOf":{"@id":"https:\/\/grupo-organistrum.com\/gl\/#website"},"primaryImageOfPage":{"@id":"https:\/\/grupo-organistrum.com\/gl\/la-exposicion-cantantes-liricas-gallegas-de-los-siglos-xix-y-xx-de-galicia-a-los-teatros-de-europa-america-y-africa-emprende-ahora-su-viaje-virtual\/#primaryimage"},"image":{"@id":"https:\/\/grupo-organistrum.com\/gl\/la-exposicion-cantantes-liricas-gallegas-de-los-siglos-xix-y-xx-de-galicia-a-los-teatros-de-europa-america-y-africa-emprende-ahora-su-viaje-virtual\/#primaryimage"},"thumbnailUrl":"https:\/\/grupo-organistrum.com\/wp-content\/uploads\/2024\/11\/Captura-expo-virtual.jpg","datePublished":"2024-11-27T13:53:56+00:00","dateModified":"2024-12-03T12:36:20+00:00","breadcrumb":{"@id":"https:\/\/grupo-organistrum.com\/gl\/la-exposicion-cantantes-liricas-gallegas-de-los-siglos-xix-y-xx-de-galicia-a-los-teatros-de-europa-america-y-africa-emprende-ahora-su-viaje-virtual\/#breadcrumb"},"inLanguage":"gl-ES","potentialAction":[{"@type":"ReadAction","target":["https:\/\/grupo-organistrum.com\/gl\/la-exposicion-cantantes-liricas-gallegas-de-los-siglos-xix-y-xx-de-galicia-a-los-teatros-de-europa-america-y-africa-emprende-ahora-su-viaje-virtual\/"]}]},{"@type":"ImageObject","inLanguage":"gl-ES","@id":"https:\/\/grupo-organistrum.com\/gl\/la-exposicion-cantantes-liricas-gallegas-de-los-siglos-xix-y-xx-de-galicia-a-los-teatros-de-europa-america-y-africa-emprende-ahora-su-viaje-virtual\/#primaryimage","url":"https:\/\/grupo-organistrum.com\/wp-content\/uploads\/2024\/11\/Captura-expo-virtual.jpg","contentUrl":"https:\/\/grupo-organistrum.com\/wp-content\/uploads\/2024\/11\/Captura-expo-virtual.jpg","width":1398,"height":877},{"@type":"BreadcrumbList","@id":"https:\/\/grupo-organistrum.com\/gl\/la-exposicion-cantantes-liricas-gallegas-de-los-siglos-xix-y-xx-de-galicia-a-los-teatros-de-europa-america-y-africa-emprende-ahora-su-viaje-virtual\/#breadcrumb","itemListElement":[{"@type":"ListItem","position":1,"name":"Portada","item":"https:\/\/grupo-organistrum.com\/gl\/"},{"@type":"ListItem","position":2,"name":"A exposici\u00f3n \u00abCantantes l\u00edricas galegas dos s\u00e9culos XIX e XX. De Galicia aos teatros de Europa, Am\u00e9rica e \u00c1frica\u00bb, emprende agora a s\u00faa viaxe virtual"}]},{"@type":"WebSite","@id":"https:\/\/grupo-organistrum.com\/gl\/#website","url":"https:\/\/grupo-organistrum.com\/gl\/","name":"Organistrum","description":"Grupo de Investigaci\u00f3n","publisher":{"@id":"https:\/\/grupo-organistrum.com\/gl\/#organization"},"potentialAction":[{"@type":"SearchAction","target":{"@type":"EntryPoint","urlTemplate":"https:\/\/grupo-organistrum.com\/gl\/?s={search_term_string}"},"query-input":{"@type":"PropertyValueSpecification","valueRequired":true,"valueName":"search_term_string"}}],"inLanguage":"gl-ES"},{"@type":"Organization","@id":"https:\/\/grupo-organistrum.com\/gl\/#organization","name":"Grupo Organistrum | Grupo de investigaci\u00f3n | GI-2025","url":"https:\/\/grupo-organistrum.com\/gl\/","logo":{"@type":"ImageObject","inLanguage":"gl-ES","@id":"https:\/\/grupo-organistrum.com\/gl\/#\/schema\/logo\/image\/","url":"https:\/\/grupo-organistrum.com\/wp-content\/uploads\/2022\/02\/logo.png","contentUrl":"https:\/\/grupo-organistrum.com\/wp-content\/uploads\/2022\/02\/logo.png","width":464,"height":103,"caption":"Grupo Organistrum | Grupo de investigaci\u00f3n | GI-2025"},"image":{"@id":"https:\/\/grupo-organistrum.com\/gl\/#\/schema\/logo\/image\/"}},{"@type":"Person","@id":"https:\/\/grupo-organistrum.com\/gl\/#\/schema\/person\/3be8e4cf7abe992fdb684a010c316e1c","name":"Laura Touri\u00f1an","image":{"@type":"ImageObject","inLanguage":"gl-ES","@id":"https:\/\/grupo-organistrum.com\/gl\/#\/schema\/person\/image\/","url":"https:\/\/secure.gravatar.com\/avatar\/7e3d8c1f660421aa084fe0512141cd32b70d88542d05643ab2a69286e12e23a0?s=96&d=mm&r=g","contentUrl":"https:\/\/secure.gravatar.com\/avatar\/7e3d8c1f660421aa084fe0512141cd32b70d88542d05643ab2a69286e12e23a0?s=96&d=mm&r=g","caption":"Laura Touri\u00f1an"}}]}},"_links":{"self":[{"href":"https:\/\/grupo-organistrum.com\/gl\/wp-json\/wp\/v2\/posts\/10072","targetHints":{"allow":["GET"]}}],"collection":[{"href":"https:\/\/grupo-organistrum.com\/gl\/wp-json\/wp\/v2\/posts"}],"about":[{"href":"https:\/\/grupo-organistrum.com\/gl\/wp-json\/wp\/v2\/types\/post"}],"author":[{"embeddable":true,"href":"https:\/\/grupo-organistrum.com\/gl\/wp-json\/wp\/v2\/users\/2"}],"replies":[{"embeddable":true,"href":"https:\/\/grupo-organistrum.com\/gl\/wp-json\/wp\/v2\/comments?post=10072"}],"version-history":[{"count":5,"href":"https:\/\/grupo-organistrum.com\/gl\/wp-json\/wp\/v2\/posts\/10072\/revisions"}],"predecessor-version":[{"id":10167,"href":"https:\/\/grupo-organistrum.com\/gl\/wp-json\/wp\/v2\/posts\/10072\/revisions\/10167"}],"wp:featuredmedia":[{"embeddable":true,"href":"https:\/\/grupo-organistrum.com\/gl\/wp-json\/wp\/v2\/media\/10069"}],"wp:attachment":[{"href":"https:\/\/grupo-organistrum.com\/gl\/wp-json\/wp\/v2\/media?parent=10072"}],"wp:term":[{"taxonomy":"category","embeddable":true,"href":"https:\/\/grupo-organistrum.com\/gl\/wp-json\/wp\/v2\/categories?post=10072"},{"taxonomy":"post_tag","embeddable":true,"href":"https:\/\/grupo-organistrum.com\/gl\/wp-json\/wp\/v2\/tags?post=10072"}],"curies":[{"name":"wp","href":"https:\/\/api.w.org\/{rel}","templated":true}]}}