{"id":10269,"date":"2025-02-14T17:58:29","date_gmt":"2025-02-14T16:58:29","guid":{"rendered":"https:\/\/grupo-organistrum.com\/llamada-a-contribuciones-para-el-i-encuentro-internacional-mdm\/"},"modified":"2025-02-14T18:01:14","modified_gmt":"2025-02-14T17:01:14","slug":"llamada-a-contribuciones-para-el-i-encuentro-internacional-mdm","status":"publish","type":"post","link":"https:\/\/grupo-organistrum.com\/gl\/llamada-a-contribuciones-para-el-i-encuentro-internacional-mdm\/","title":{"rendered":"Chamada a contribuci\u00f3ns para o I Encontro Internacional MdM"},"content":{"rendered":"\n<p>V\u00e9n de publicarse a chamada a contribuci\u00f3ns para o I Encontro Internacional \u201cMem\u00f3rias de M\u00fasica: Casas-Museu no Espa\u00e7o Ib\u00e9rico\u201d, que ter\u00e1 lugar na cidade do Porto entre os d\u00edas 3 e 5 de xullo de 2025. As propostas poden ser en galego, portugu\u00e9s, castel\u00e1n ou ingl\u00e9s e deben enviarse antes do 30 de marzo a trav\u00e9s do formulario espec\u00edfico dispo\u00f1ible na web. Javier G\u00e1ndara Feij\u00f3o, investigador posdoutoral de Organistrum (as\u00ed como do Instituto de Investigaci\u00f3n en Humanidades-Universidade de Santiago de Compostela), coorganiza este evento con colegas e profesores da Facultade de Letras e o Centro de Investigaci\u00f3n Transdisciplinar \u201cEspa\u00e7o, Cultura e Mem\u00f3ria\u201d (Universidade do Porto): Ana Cristina Sousa, Ana Ester Tavares, Anastasia Sazontieva, Ricardo Vilares e S\u00f3nia Duarte.<\/p>\n\n\n\n<div class=\"wp-block-buttons is-layout-flex wp-block-buttons-is-layout-flex\">\n<div class=\"wp-block-button\"><a class=\"wp-block-button__link wp-element-button\" href=\"https:\/\/memoriasdemusica20.wixsite.com\/memoriasdemusica\/sobre\" target=\"_blank\" rel=\"noreferrer noopener\">Web congreso<\/a><\/div>\n\n\n\n<div class=\"wp-block-button\"><a class=\"wp-block-button__link wp-element-button\" href=\"https:\/\/noticias.up.pt\/flup\/eventos\/call-for-papers-i-encontro-internacional-memorias-de-musica-casas-museu-no-espaco-iberico\/\" target=\"_blank\" rel=\"noreferrer noopener\">CFP Universidade do Porto<\/a><\/div>\n<\/div>\n\n\n\n<p><\/p>\n","protected":false},"excerpt":{"rendered":"<p>V\u00e9n de publicarse a chamada a contribuci\u00f3ns para o I Encontro Internacional \u201cMem\u00f3rias de M\u00fasica: Casas-Museu no Espa\u00e7o Ib\u00e9rico\u201d, que ter\u00e1 lugar na cidade do Porto entre os d\u00edas 3 e 5 de xullo de 2025. As propostas poden ser en galego, portugu\u00e9s, castel\u00e1n ou ingl\u00e9s e deben enviarse antes do 30 de marzo a &#8230; <a title=\"Chamada a contribuci\u00f3ns para o I Encontro Internacional MdM\" class=\"read-more\" href=\"https:\/\/grupo-organistrum.com\/gl\/llamada-a-contribuciones-para-el-i-encuentro-internacional-mdm\/\" aria-label=\"Le m\u00e1is sobre Chamada a contribuci\u00f3ns para o I Encontro Internacional MdM\">Ler m\u00e1is<\/a><\/p>\n","protected":false},"author":2,"featured_media":10265,"comment_status":"closed","ping_status":"closed","sticky":false,"template":"","format":"standard","meta":{"_acf_changed":false,"footnotes":""},"categories":[2],"tags":[205],"class_list":["post-10269","post","type-post","status-publish","format-standard","has-post-thumbnail","hentry","category-grupo-organistrum","tag-congreso-gl"],"acf":[],"yoast_head":"<!-- This site is optimized with the Yoast SEO plugin v25.2 - https:\/\/yoast.com\/wordpress\/plugins\/seo\/ -->\n<title>Chamada a contribuci\u00f3ns para o I Encontro Internacional MdM - Organistrum<\/title>\n<meta name=\"robots\" content=\"index, follow, max-snippet:-1, max-image-preview:large, max-video-preview:-1\" \/>\n<link rel=\"canonical\" href=\"https:\/\/grupo-organistrum.com\/gl\/llamada-a-contribuciones-para-el-i-encuentro-internacional-mdm\/\" \/>\n<meta property=\"og:locale\" content=\"gl_ES\" \/>\n<meta property=\"og:type\" content=\"article\" \/>\n<meta property=\"og:title\" content=\"Chamada a contribuci\u00f3ns para o I Encontro Internacional MdM - Organistrum\" \/>\n<meta property=\"og:description\" content=\"V\u00e9n de publicarse a chamada a contribuci\u00f3ns para o I Encontro Internacional \u201cMem\u00f3rias de M\u00fasica: Casas-Museu no Espa\u00e7o Ib\u00e9rico\u201d, que ter\u00e1 lugar na cidade do Porto entre os d\u00edas 3 e 5 de xullo de 2025. As propostas poden ser en galego, portugu\u00e9s, castel\u00e1n ou ingl\u00e9s e deben enviarse antes do 30 de marzo a ... Ler m\u00e1is\" \/>\n<meta property=\"og:url\" content=\"https:\/\/grupo-organistrum.com\/gl\/llamada-a-contribuciones-para-el-i-encuentro-internacional-mdm\/\" \/>\n<meta property=\"og:site_name\" content=\"Organistrum\" \/>\n<meta property=\"article:published_time\" content=\"2025-02-14T16:58:29+00:00\" \/>\n<meta property=\"article:modified_time\" content=\"2025-02-14T17:01:14+00:00\" \/>\n<meta property=\"og:image\" content=\"https:\/\/grupo-organistrum.com\/wp-content\/uploads\/2025\/02\/Foto-scaled.jpg\" \/>\n\t<meta property=\"og:image:width\" content=\"2560\" \/>\n\t<meta property=\"og:image:height\" content=\"1713\" \/>\n\t<meta property=\"og:image:type\" content=\"image\/jpeg\" \/>\n<meta name=\"author\" content=\"Laura Touri\u00f1an\" \/>\n<meta name=\"twitter:card\" content=\"summary_large_image\" \/>\n<meta name=\"twitter:label1\" content=\"Escrito por\" \/>\n\t<meta name=\"twitter:data1\" content=\"Laura Touri\u00f1an\" \/>\n\t<meta name=\"twitter:label2\" content=\"Tempo de lectura\" \/>\n\t<meta name=\"twitter:data2\" content=\"1 minuto\" \/>\n<script type=\"application\/ld+json\" class=\"yoast-schema-graph\">{\"@context\":\"https:\/\/schema.org\",\"@graph\":[{\"@type\":\"Article\",\"@id\":\"https:\/\/grupo-organistrum.com\/gl\/llamada-a-contribuciones-para-el-i-encuentro-internacional-mdm\/#article\",\"isPartOf\":{\"@id\":\"https:\/\/grupo-organistrum.com\/gl\/llamada-a-contribuciones-para-el-i-encuentro-internacional-mdm\/\"},\"author\":{\"name\":\"Laura Touri\u00f1an\",\"@id\":\"https:\/\/grupo-organistrum.com\/gl\/#\/schema\/person\/3be8e4cf7abe992fdb684a010c316e1c\"},\"headline\":\"Chamada a contribuci\u00f3ns para o I Encontro Internacional MdM\",\"datePublished\":\"2025-02-14T16:58:29+00:00\",\"dateModified\":\"2025-02-14T17:01:14+00:00\",\"mainEntityOfPage\":{\"@id\":\"https:\/\/grupo-organistrum.com\/gl\/llamada-a-contribuciones-para-el-i-encuentro-internacional-mdm\/\"},\"wordCount\":150,\"publisher\":{\"@id\":\"https:\/\/grupo-organistrum.com\/gl\/#organization\"},\"image\":{\"@id\":\"https:\/\/grupo-organistrum.com\/gl\/llamada-a-contribuciones-para-el-i-encuentro-internacional-mdm\/#primaryimage\"},\"thumbnailUrl\":\"https:\/\/grupo-organistrum.com\/wp-content\/uploads\/2025\/02\/Foto-scaled.jpg\",\"keywords\":[\"Congreso\"],\"articleSection\":[\"Grupo Organistrum\"],\"inLanguage\":\"gl-ES\"},{\"@type\":\"WebPage\",\"@id\":\"https:\/\/grupo-organistrum.com\/gl\/llamada-a-contribuciones-para-el-i-encuentro-internacional-mdm\/\",\"url\":\"https:\/\/grupo-organistrum.com\/gl\/llamada-a-contribuciones-para-el-i-encuentro-internacional-mdm\/\",\"name\":\"Chamada a contribuci\u00f3ns para o I Encontro Internacional MdM - Organistrum\",\"isPartOf\":{\"@id\":\"https:\/\/grupo-organistrum.com\/gl\/#website\"},\"primaryImageOfPage\":{\"@id\":\"https:\/\/grupo-organistrum.com\/gl\/llamada-a-contribuciones-para-el-i-encuentro-internacional-mdm\/#primaryimage\"},\"image\":{\"@id\":\"https:\/\/grupo-organistrum.com\/gl\/llamada-a-contribuciones-para-el-i-encuentro-internacional-mdm\/#primaryimage\"},\"thumbnailUrl\":\"https:\/\/grupo-organistrum.com\/wp-content\/uploads\/2025\/02\/Foto-scaled.jpg\",\"datePublished\":\"2025-02-14T16:58:29+00:00\",\"dateModified\":\"2025-02-14T17:01:14+00:00\",\"breadcrumb\":{\"@id\":\"https:\/\/grupo-organistrum.com\/gl\/llamada-a-contribuciones-para-el-i-encuentro-internacional-mdm\/#breadcrumb\"},\"inLanguage\":\"gl-ES\",\"potentialAction\":[{\"@type\":\"ReadAction\",\"target\":[\"https:\/\/grupo-organistrum.com\/gl\/llamada-a-contribuciones-para-el-i-encuentro-internacional-mdm\/\"]}]},{\"@type\":\"ImageObject\",\"inLanguage\":\"gl-ES\",\"@id\":\"https:\/\/grupo-organistrum.com\/gl\/llamada-a-contribuciones-para-el-i-encuentro-internacional-mdm\/#primaryimage\",\"url\":\"https:\/\/grupo-organistrum.com\/wp-content\/uploads\/2025\/02\/Foto-scaled.jpg\",\"contentUrl\":\"https:\/\/grupo-organistrum.com\/wp-content\/uploads\/2025\/02\/Foto-scaled.jpg\",\"width\":2560,\"height\":1713},{\"@type\":\"BreadcrumbList\",\"@id\":\"https:\/\/grupo-organistrum.com\/gl\/llamada-a-contribuciones-para-el-i-encuentro-internacional-mdm\/#breadcrumb\",\"itemListElement\":[{\"@type\":\"ListItem\",\"position\":1,\"name\":\"Portada\",\"item\":\"https:\/\/grupo-organistrum.com\/gl\/\"},{\"@type\":\"ListItem\",\"position\":2,\"name\":\"Chamada a contribuci\u00f3ns para o I Encontro Internacional MdM\"}]},{\"@type\":\"WebSite\",\"@id\":\"https:\/\/grupo-organistrum.com\/gl\/#website\",\"url\":\"https:\/\/grupo-organistrum.com\/gl\/\",\"name\":\"Organistrum\",\"description\":\"Grupo de Investigaci\u00f3n\",\"publisher\":{\"@id\":\"https:\/\/grupo-organistrum.com\/gl\/#organization\"},\"potentialAction\":[{\"@type\":\"SearchAction\",\"target\":{\"@type\":\"EntryPoint\",\"urlTemplate\":\"https:\/\/grupo-organistrum.com\/gl\/?s={search_term_string}\"},\"query-input\":{\"@type\":\"PropertyValueSpecification\",\"valueRequired\":true,\"valueName\":\"search_term_string\"}}],\"inLanguage\":\"gl-ES\"},{\"@type\":\"Organization\",\"@id\":\"https:\/\/grupo-organistrum.com\/gl\/#organization\",\"name\":\"Grupo Organistrum | Grupo de investigaci\u00f3n | GI-2025\",\"url\":\"https:\/\/grupo-organistrum.com\/gl\/\",\"logo\":{\"@type\":\"ImageObject\",\"inLanguage\":\"gl-ES\",\"@id\":\"https:\/\/grupo-organistrum.com\/gl\/#\/schema\/logo\/image\/\",\"url\":\"https:\/\/grupo-organistrum.com\/wp-content\/uploads\/2022\/02\/logo.png\",\"contentUrl\":\"https:\/\/grupo-organistrum.com\/wp-content\/uploads\/2022\/02\/logo.png\",\"width\":464,\"height\":103,\"caption\":\"Grupo Organistrum | Grupo de investigaci\u00f3n | GI-2025\"},\"image\":{\"@id\":\"https:\/\/grupo-organistrum.com\/gl\/#\/schema\/logo\/image\/\"}},{\"@type\":\"Person\",\"@id\":\"https:\/\/grupo-organistrum.com\/gl\/#\/schema\/person\/3be8e4cf7abe992fdb684a010c316e1c\",\"name\":\"Laura Touri\u00f1an\",\"image\":{\"@type\":\"ImageObject\",\"inLanguage\":\"gl-ES\",\"@id\":\"https:\/\/grupo-organistrum.com\/gl\/#\/schema\/person\/image\/\",\"url\":\"https:\/\/secure.gravatar.com\/avatar\/7e3d8c1f660421aa084fe0512141cd32b70d88542d05643ab2a69286e12e23a0?s=96&d=mm&r=g\",\"contentUrl\":\"https:\/\/secure.gravatar.com\/avatar\/7e3d8c1f660421aa084fe0512141cd32b70d88542d05643ab2a69286e12e23a0?s=96&d=mm&r=g\",\"caption\":\"Laura Touri\u00f1an\"}}]}<\/script>\n<!-- \/ Yoast SEO plugin. -->","yoast_head_json":{"title":"Chamada a contribuci\u00f3ns para o I Encontro Internacional MdM - Organistrum","robots":{"index":"index","follow":"follow","max-snippet":"max-snippet:-1","max-image-preview":"max-image-preview:large","max-video-preview":"max-video-preview:-1"},"canonical":"https:\/\/grupo-organistrum.com\/gl\/llamada-a-contribuciones-para-el-i-encuentro-internacional-mdm\/","og_locale":"gl_ES","og_type":"article","og_title":"Chamada a contribuci\u00f3ns para o I Encontro Internacional MdM - Organistrum","og_description":"V\u00e9n de publicarse a chamada a contribuci\u00f3ns para o I Encontro Internacional \u201cMem\u00f3rias de M\u00fasica: Casas-Museu no Espa\u00e7o Ib\u00e9rico\u201d, que ter\u00e1 lugar na cidade do Porto entre os d\u00edas 3 e 5 de xullo de 2025. As propostas poden ser en galego, portugu\u00e9s, castel\u00e1n ou ingl\u00e9s e deben enviarse antes do 30 de marzo a ... Ler m\u00e1is","og_url":"https:\/\/grupo-organistrum.com\/gl\/llamada-a-contribuciones-para-el-i-encuentro-internacional-mdm\/","og_site_name":"Organistrum","article_published_time":"2025-02-14T16:58:29+00:00","article_modified_time":"2025-02-14T17:01:14+00:00","og_image":[{"width":2560,"height":1713,"url":"https:\/\/grupo-organistrum.com\/wp-content\/uploads\/2025\/02\/Foto-scaled.jpg","type":"image\/jpeg"}],"author":"Laura Touri\u00f1an","twitter_card":"summary_large_image","twitter_misc":{"Escrito por":"Laura Touri\u00f1an","Tempo de lectura":"1 minuto"},"schema":{"@context":"https:\/\/schema.org","@graph":[{"@type":"Article","@id":"https:\/\/grupo-organistrum.com\/gl\/llamada-a-contribuciones-para-el-i-encuentro-internacional-mdm\/#article","isPartOf":{"@id":"https:\/\/grupo-organistrum.com\/gl\/llamada-a-contribuciones-para-el-i-encuentro-internacional-mdm\/"},"author":{"name":"Laura Touri\u00f1an","@id":"https:\/\/grupo-organistrum.com\/gl\/#\/schema\/person\/3be8e4cf7abe992fdb684a010c316e1c"},"headline":"Chamada a contribuci\u00f3ns para o I Encontro Internacional MdM","datePublished":"2025-02-14T16:58:29+00:00","dateModified":"2025-02-14T17:01:14+00:00","mainEntityOfPage":{"@id":"https:\/\/grupo-organistrum.com\/gl\/llamada-a-contribuciones-para-el-i-encuentro-internacional-mdm\/"},"wordCount":150,"publisher":{"@id":"https:\/\/grupo-organistrum.com\/gl\/#organization"},"image":{"@id":"https:\/\/grupo-organistrum.com\/gl\/llamada-a-contribuciones-para-el-i-encuentro-internacional-mdm\/#primaryimage"},"thumbnailUrl":"https:\/\/grupo-organistrum.com\/wp-content\/uploads\/2025\/02\/Foto-scaled.jpg","keywords":["Congreso"],"articleSection":["Grupo Organistrum"],"inLanguage":"gl-ES"},{"@type":"WebPage","@id":"https:\/\/grupo-organistrum.com\/gl\/llamada-a-contribuciones-para-el-i-encuentro-internacional-mdm\/","url":"https:\/\/grupo-organistrum.com\/gl\/llamada-a-contribuciones-para-el-i-encuentro-internacional-mdm\/","name":"Chamada a contribuci\u00f3ns para o I Encontro Internacional MdM - Organistrum","isPartOf":{"@id":"https:\/\/grupo-organistrum.com\/gl\/#website"},"primaryImageOfPage":{"@id":"https:\/\/grupo-organistrum.com\/gl\/llamada-a-contribuciones-para-el-i-encuentro-internacional-mdm\/#primaryimage"},"image":{"@id":"https:\/\/grupo-organistrum.com\/gl\/llamada-a-contribuciones-para-el-i-encuentro-internacional-mdm\/#primaryimage"},"thumbnailUrl":"https:\/\/grupo-organistrum.com\/wp-content\/uploads\/2025\/02\/Foto-scaled.jpg","datePublished":"2025-02-14T16:58:29+00:00","dateModified":"2025-02-14T17:01:14+00:00","breadcrumb":{"@id":"https:\/\/grupo-organistrum.com\/gl\/llamada-a-contribuciones-para-el-i-encuentro-internacional-mdm\/#breadcrumb"},"inLanguage":"gl-ES","potentialAction":[{"@type":"ReadAction","target":["https:\/\/grupo-organistrum.com\/gl\/llamada-a-contribuciones-para-el-i-encuentro-internacional-mdm\/"]}]},{"@type":"ImageObject","inLanguage":"gl-ES","@id":"https:\/\/grupo-organistrum.com\/gl\/llamada-a-contribuciones-para-el-i-encuentro-internacional-mdm\/#primaryimage","url":"https:\/\/grupo-organistrum.com\/wp-content\/uploads\/2025\/02\/Foto-scaled.jpg","contentUrl":"https:\/\/grupo-organistrum.com\/wp-content\/uploads\/2025\/02\/Foto-scaled.jpg","width":2560,"height":1713},{"@type":"BreadcrumbList","@id":"https:\/\/grupo-organistrum.com\/gl\/llamada-a-contribuciones-para-el-i-encuentro-internacional-mdm\/#breadcrumb","itemListElement":[{"@type":"ListItem","position":1,"name":"Portada","item":"https:\/\/grupo-organistrum.com\/gl\/"},{"@type":"ListItem","position":2,"name":"Chamada a contribuci\u00f3ns para o I Encontro Internacional MdM"}]},{"@type":"WebSite","@id":"https:\/\/grupo-organistrum.com\/gl\/#website","url":"https:\/\/grupo-organistrum.com\/gl\/","name":"Organistrum","description":"Grupo de Investigaci\u00f3n","publisher":{"@id":"https:\/\/grupo-organistrum.com\/gl\/#organization"},"potentialAction":[{"@type":"SearchAction","target":{"@type":"EntryPoint","urlTemplate":"https:\/\/grupo-organistrum.com\/gl\/?s={search_term_string}"},"query-input":{"@type":"PropertyValueSpecification","valueRequired":true,"valueName":"search_term_string"}}],"inLanguage":"gl-ES"},{"@type":"Organization","@id":"https:\/\/grupo-organistrum.com\/gl\/#organization","name":"Grupo Organistrum | Grupo de investigaci\u00f3n | GI-2025","url":"https:\/\/grupo-organistrum.com\/gl\/","logo":{"@type":"ImageObject","inLanguage":"gl-ES","@id":"https:\/\/grupo-organistrum.com\/gl\/#\/schema\/logo\/image\/","url":"https:\/\/grupo-organistrum.com\/wp-content\/uploads\/2022\/02\/logo.png","contentUrl":"https:\/\/grupo-organistrum.com\/wp-content\/uploads\/2022\/02\/logo.png","width":464,"height":103,"caption":"Grupo Organistrum | Grupo de investigaci\u00f3n | GI-2025"},"image":{"@id":"https:\/\/grupo-organistrum.com\/gl\/#\/schema\/logo\/image\/"}},{"@type":"Person","@id":"https:\/\/grupo-organistrum.com\/gl\/#\/schema\/person\/3be8e4cf7abe992fdb684a010c316e1c","name":"Laura Touri\u00f1an","image":{"@type":"ImageObject","inLanguage":"gl-ES","@id":"https:\/\/grupo-organistrum.com\/gl\/#\/schema\/person\/image\/","url":"https:\/\/secure.gravatar.com\/avatar\/7e3d8c1f660421aa084fe0512141cd32b70d88542d05643ab2a69286e12e23a0?s=96&d=mm&r=g","contentUrl":"https:\/\/secure.gravatar.com\/avatar\/7e3d8c1f660421aa084fe0512141cd32b70d88542d05643ab2a69286e12e23a0?s=96&d=mm&r=g","caption":"Laura Touri\u00f1an"}}]}},"_links":{"self":[{"href":"https:\/\/grupo-organistrum.com\/gl\/wp-json\/wp\/v2\/posts\/10269","targetHints":{"allow":["GET"]}}],"collection":[{"href":"https:\/\/grupo-organistrum.com\/gl\/wp-json\/wp\/v2\/posts"}],"about":[{"href":"https:\/\/grupo-organistrum.com\/gl\/wp-json\/wp\/v2\/types\/post"}],"author":[{"embeddable":true,"href":"https:\/\/grupo-organistrum.com\/gl\/wp-json\/wp\/v2\/users\/2"}],"replies":[{"embeddable":true,"href":"https:\/\/grupo-organistrum.com\/gl\/wp-json\/wp\/v2\/comments?post=10269"}],"version-history":[{"count":2,"href":"https:\/\/grupo-organistrum.com\/gl\/wp-json\/wp\/v2\/posts\/10269\/revisions"}],"predecessor-version":[{"id":10271,"href":"https:\/\/grupo-organistrum.com\/gl\/wp-json\/wp\/v2\/posts\/10269\/revisions\/10271"}],"wp:featuredmedia":[{"embeddable":true,"href":"https:\/\/grupo-organistrum.com\/gl\/wp-json\/wp\/v2\/media\/10265"}],"wp:attachment":[{"href":"https:\/\/grupo-organistrum.com\/gl\/wp-json\/wp\/v2\/media?parent=10269"}],"wp:term":[{"taxonomy":"category","embeddable":true,"href":"https:\/\/grupo-organistrum.com\/gl\/wp-json\/wp\/v2\/categories?post=10269"},{"taxonomy":"post_tag","embeddable":true,"href":"https:\/\/grupo-organistrum.com\/gl\/wp-json\/wp\/v2\/tags?post=10269"}],"curies":[{"name":"wp","href":"https:\/\/api.w.org\/{rel}","templated":true}]}}