{"id":10384,"date":"2025-04-03T12:44:00","date_gmt":"2025-04-03T10:44:00","guid":{"rendered":"https:\/\/grupo-organistrum.com\/los-comisarios-de-la-exposicion-cantantes-liricas-gallegas-de-los-siglos-xix-y-xx-participan-en-el-coloquio-internacional-cruces-galicia-portugal-redes-migratorias-y-culturales\/"},"modified":"2025-04-03T12:48:47","modified_gmt":"2025-04-03T10:48:47","slug":"los-comisarios-de-la-exposicion-cantantes-liricas-gallegas-de-los-siglos-xix-y-xx-participan-en-el-coloquio-internacional-cruces-galicia-portugal-redes-migratorias-y-culturales","status":"publish","type":"post","link":"https:\/\/grupo-organistrum.com\/gl\/los-comisarios-de-la-exposicion-cantantes-liricas-gallegas-de-los-siglos-xix-y-xx-participan-en-el-coloquio-internacional-cruces-galicia-portugal-redes-migratorias-y-culturales\/","title":{"rendered":"Os comisarios da exposici\u00f3n &#8220;Cantantes l\u00edricas galegas dos s\u00e9culos XIX e XX&#8221; participan no Coloquio Internacional Cruces Galicia-Portugal: redes migratorias e culturais"},"content":{"rendered":"\n<p>Os comisarios da exposici\u00f3n <em>Cantantes L\u00edricas Galegas dos s\u00e9culos XIX e XX<\/em> , F. J. Garbayo e M. C. Lorenzo, participar\u00e1n no <em>Coloquio Internacional Cruces Galicia-Portugal: redes migratorias e culturais <\/em>que ter\u00e1 lugar na  Universidade Nova de Lisboa os d\u00edas 10 e 11 de abril de 2025.<\/p>\n\n\n\n<p>Nas xornadas de traballos, os comisarios da mostra, expor\u00e1n na sesi\u00f3n previa \u00e1 inauguraci\u00f3n oficial da exposici\u00f3n -que agora itinera a Lisboa como actividade paralela ao coloquio- os seus traballos \u201cMirando aos  dous lados do Atl\u00e1ntico: cantatrices l\u00edricas galegas dos s\u00e9culos XIX e XX en Portugal e Am\u00e9rica\u201d (F. J. Garbayo) e \u201cFronteiras musicais desdibuxadas: as xiras das compa\u00f1\u00edas l\u00edricas entre Galicia e o norte de Portugal na segunda metade do s\u00e9culo XIX\u201d (M. C. Lorenzo).<\/p>\n\n\n\n<p><\/p>\n\n\n\n<div class=\"wp-block-buttons is-layout-flex wp-block-buttons-is-layout-flex\">\n<div class=\"wp-block-button\"><a class=\"wp-block-button__link wp-element-button\" href=\"https:\/\/liricagalega.wixsite.com\/expo\" target=\"_blank\" rel=\"noreferrer noopener\">Web exposici\u00f3n<\/a><\/div>\n<\/div>\n\n\n\n<p><\/p>\n\n\n\n<div data-wp-interactive=\"core\/file\" class=\"wp-block-file\"><object data-wp-bind--hidden=\"!state.hasPdfPreview\" hidden class=\"wp-block-file__embed\" data=\"https:\/\/grupo-organistrum.com\/wp-content\/uploads\/2025\/04\/Programa-Colquio.pdf\" type=\"application\/pdf\" style=\"width:100%;height:600px\" aria-label=\"Incrustado de Programa Colquio.\"><\/object><a id=\"wp-block-file--media-8f7283d5-c826-47f3-9c04-2a0a50586a5d\" href=\"https:\/\/grupo-organistrum.com\/wp-content\/uploads\/2025\/04\/Programa-Colquio.pdf\">Programa Colquio<\/a><a href=\"https:\/\/grupo-organistrum.com\/wp-content\/uploads\/2025\/04\/Programa-Colquio.pdf\" class=\"wp-block-file__button wp-element-button\" download aria-describedby=\"wp-block-file--media-8f7283d5-c826-47f3-9c04-2a0a50586a5d\">Descarga<\/a><\/div>\n\n\n\n<p><\/p>\n\n\n\n<div data-wp-interactive=\"core\/file\" class=\"wp-block-file\"><object data-wp-bind--hidden=\"!state.hasPdfPreview\" hidden class=\"wp-block-file__embed\" data=\"https:\/\/grupo-organistrum.com\/wp-content\/uploads\/2025\/04\/cuadriptico.pdf\" type=\"application\/pdf\" style=\"width:100%;height:600px\" aria-label=\"Incrustado de cuadri\u0301ptico.\"><\/object><a id=\"wp-block-file--media-e6cfe17c-8758-4da7-b4bd-38deb5ab1a0c\" href=\"https:\/\/grupo-organistrum.com\/wp-content\/uploads\/2025\/04\/cuadriptico.pdf\">cuadri\u0301ptico<\/a><a href=\"https:\/\/grupo-organistrum.com\/wp-content\/uploads\/2025\/04\/cuadriptico.pdf\" class=\"wp-block-file__button wp-element-button\" download aria-describedby=\"wp-block-file--media-e6cfe17c-8758-4da7-b4bd-38deb5ab1a0c\">Descarga<\/a><\/div>\n","protected":false},"excerpt":{"rendered":"<p>Os comisarios da exposici\u00f3n Cantantes L\u00edricas Galegas dos s\u00e9culos XIX e XX , F. J. Garbayo e M. C. Lorenzo, participar\u00e1n no Coloquio Internacional Cruces Galicia-Portugal: redes migratorias e culturais que ter\u00e1 lugar na Universidade Nova de Lisboa os d\u00edas 10 e 11 de abril de 2025. Nas xornadas de traballos, os comisarios da mostra, &#8230; <a title=\"Os comisarios da exposici\u00f3n &#8220;Cantantes l\u00edricas galegas dos s\u00e9culos XIX e XX&#8221; participan no Coloquio Internacional Cruces Galicia-Portugal: redes migratorias e culturais\" class=\"read-more\" href=\"https:\/\/grupo-organistrum.com\/gl\/los-comisarios-de-la-exposicion-cantantes-liricas-gallegas-de-los-siglos-xix-y-xx-participan-en-el-coloquio-internacional-cruces-galicia-portugal-redes-migratorias-y-culturales\/\" aria-label=\"Le m\u00e1is sobre Os comisarios da exposici\u00f3n &#8220;Cantantes l\u00edricas galegas dos s\u00e9culos XIX e XX&#8221; participan no Coloquio Internacional Cruces Galicia-Portugal: redes migratorias e culturais\">Ler m\u00e1is<\/a><\/p>\n","protected":false},"author":2,"featured_media":10393,"comment_status":"closed","ping_status":"closed","sticky":false,"template":"","format":"standard","meta":{"_acf_changed":false,"footnotes":""},"categories":[2],"tags":[],"class_list":["post-10384","post","type-post","status-publish","format-standard","has-post-thumbnail","hentry","category-grupo-organistrum"],"acf":[],"yoast_head":"<!-- This site is optimized with the Yoast SEO plugin v25.2 - https:\/\/yoast.com\/wordpress\/plugins\/seo\/ -->\n<title>Os comisarios da exposici\u00f3n &quot;Cantantes l\u00edricas galegas dos s\u00e9culos XIX e XX&quot; participan no Coloquio Internacional Cruces Galicia-Portugal: redes migratorias e culturais - Organistrum<\/title>\n<meta name=\"robots\" content=\"index, follow, max-snippet:-1, max-image-preview:large, max-video-preview:-1\" \/>\n<link rel=\"canonical\" href=\"https:\/\/grupo-organistrum.com\/gl\/los-comisarios-de-la-exposicion-cantantes-liricas-gallegas-de-los-siglos-xix-y-xx-participan-en-el-coloquio-internacional-cruces-galicia-portugal-redes-migratorias-y-culturales\/\" \/>\n<meta property=\"og:locale\" content=\"gl_ES\" \/>\n<meta property=\"og:type\" content=\"article\" \/>\n<meta property=\"og:title\" content=\"Os comisarios da exposici\u00f3n &quot;Cantantes l\u00edricas galegas dos s\u00e9culos XIX e XX&quot; participan no Coloquio Internacional Cruces Galicia-Portugal: redes migratorias e culturais - Organistrum\" \/>\n<meta property=\"og:description\" content=\"Os comisarios da exposici\u00f3n Cantantes L\u00edricas Galegas dos s\u00e9culos XIX e XX , F. J. Garbayo e M. C. Lorenzo, participar\u00e1n no Coloquio Internacional Cruces Galicia-Portugal: redes migratorias e culturais que ter\u00e1 lugar na Universidade Nova de Lisboa os d\u00edas 10 e 11 de abril de 2025. Nas xornadas de traballos, os comisarios da mostra, ... Ler m\u00e1is\" \/>\n<meta property=\"og:url\" content=\"https:\/\/grupo-organistrum.com\/gl\/los-comisarios-de-la-exposicion-cantantes-liricas-gallegas-de-los-siglos-xix-y-xx-participan-en-el-coloquio-internacional-cruces-galicia-portugal-redes-migratorias-y-culturales\/\" \/>\n<meta property=\"og:site_name\" content=\"Organistrum\" \/>\n<meta property=\"article:published_time\" content=\"2025-04-03T10:44:00+00:00\" \/>\n<meta property=\"article:modified_time\" content=\"2025-04-03T10:48:47+00:00\" \/>\n<meta property=\"og:image\" content=\"https:\/\/grupo-organistrum.com\/wp-content\/uploads\/2024\/11\/6fce8102-faba-4ec4-89b0-7fe18ea5213a_16-9-discover-aspect-ratio_default_0.webp\" \/>\n\t<meta property=\"og:image:width\" content=\"1200\" \/>\n\t<meta property=\"og:image:height\" content=\"675\" \/>\n\t<meta property=\"og:image:type\" content=\"image\/webp\" \/>\n<meta name=\"author\" content=\"Laura Touri\u00f1an\" \/>\n<meta name=\"twitter:card\" content=\"summary_large_image\" \/>\n<meta name=\"twitter:label1\" content=\"Escrito por\" \/>\n\t<meta name=\"twitter:data1\" content=\"Laura Touri\u00f1an\" \/>\n\t<meta name=\"twitter:label2\" content=\"Tempo de lectura\" \/>\n\t<meta name=\"twitter:data2\" content=\"1 minuto\" \/>\n<script type=\"application\/ld+json\" class=\"yoast-schema-graph\">{\"@context\":\"https:\/\/schema.org\",\"@graph\":[{\"@type\":\"Article\",\"@id\":\"https:\/\/grupo-organistrum.com\/gl\/los-comisarios-de-la-exposicion-cantantes-liricas-gallegas-de-los-siglos-xix-y-xx-participan-en-el-coloquio-internacional-cruces-galicia-portugal-redes-migratorias-y-culturales\/#article\",\"isPartOf\":{\"@id\":\"https:\/\/grupo-organistrum.com\/gl\/los-comisarios-de-la-exposicion-cantantes-liricas-gallegas-de-los-siglos-xix-y-xx-participan-en-el-coloquio-internacional-cruces-galicia-portugal-redes-migratorias-y-culturales\/\"},\"author\":{\"name\":\"Laura Touri\u00f1an\",\"@id\":\"https:\/\/grupo-organistrum.com\/gl\/#\/schema\/person\/3be8e4cf7abe992fdb684a010c316e1c\"},\"headline\":\"Os comisarios da exposici\u00f3n &#8220;Cantantes l\u00edricas galegas dos s\u00e9culos XIX e XX&#8221; participan no Coloquio Internacional Cruces Galicia-Portugal: redes migratorias e culturais\",\"datePublished\":\"2025-04-03T10:44:00+00:00\",\"dateModified\":\"2025-04-03T10:48:47+00:00\",\"mainEntityOfPage\":{\"@id\":\"https:\/\/grupo-organistrum.com\/gl\/los-comisarios-de-la-exposicion-cantantes-liricas-gallegas-de-los-siglos-xix-y-xx-participan-en-el-coloquio-internacional-cruces-galicia-portugal-redes-migratorias-y-culturales\/\"},\"wordCount\":168,\"publisher\":{\"@id\":\"https:\/\/grupo-organistrum.com\/gl\/#organization\"},\"image\":{\"@id\":\"https:\/\/grupo-organistrum.com\/gl\/los-comisarios-de-la-exposicion-cantantes-liricas-gallegas-de-los-siglos-xix-y-xx-participan-en-el-coloquio-internacional-cruces-galicia-portugal-redes-migratorias-y-culturales\/#primaryimage\"},\"thumbnailUrl\":\"https:\/\/grupo-organistrum.com\/wp-content\/uploads\/2025\/04\/Cartaz_v4.png\",\"articleSection\":[\"Grupo Organistrum\"],\"inLanguage\":\"gl-ES\"},{\"@type\":\"WebPage\",\"@id\":\"https:\/\/grupo-organistrum.com\/gl\/los-comisarios-de-la-exposicion-cantantes-liricas-gallegas-de-los-siglos-xix-y-xx-participan-en-el-coloquio-internacional-cruces-galicia-portugal-redes-migratorias-y-culturales\/\",\"url\":\"https:\/\/grupo-organistrum.com\/gl\/los-comisarios-de-la-exposicion-cantantes-liricas-gallegas-de-los-siglos-xix-y-xx-participan-en-el-coloquio-internacional-cruces-galicia-portugal-redes-migratorias-y-culturales\/\",\"name\":\"Os comisarios da exposici\u00f3n \\\"Cantantes l\u00edricas galegas dos s\u00e9culos XIX e XX\\\" participan no Coloquio Internacional Cruces Galicia-Portugal: redes migratorias e culturais - Organistrum\",\"isPartOf\":{\"@id\":\"https:\/\/grupo-organistrum.com\/gl\/#website\"},\"primaryImageOfPage\":{\"@id\":\"https:\/\/grupo-organistrum.com\/gl\/los-comisarios-de-la-exposicion-cantantes-liricas-gallegas-de-los-siglos-xix-y-xx-participan-en-el-coloquio-internacional-cruces-galicia-portugal-redes-migratorias-y-culturales\/#primaryimage\"},\"image\":{\"@id\":\"https:\/\/grupo-organistrum.com\/gl\/los-comisarios-de-la-exposicion-cantantes-liricas-gallegas-de-los-siglos-xix-y-xx-participan-en-el-coloquio-internacional-cruces-galicia-portugal-redes-migratorias-y-culturales\/#primaryimage\"},\"thumbnailUrl\":\"https:\/\/grupo-organistrum.com\/wp-content\/uploads\/2025\/04\/Cartaz_v4.png\",\"datePublished\":\"2025-04-03T10:44:00+00:00\",\"dateModified\":\"2025-04-03T10:48:47+00:00\",\"breadcrumb\":{\"@id\":\"https:\/\/grupo-organistrum.com\/gl\/los-comisarios-de-la-exposicion-cantantes-liricas-gallegas-de-los-siglos-xix-y-xx-participan-en-el-coloquio-internacional-cruces-galicia-portugal-redes-migratorias-y-culturales\/#breadcrumb\"},\"inLanguage\":\"gl-ES\",\"potentialAction\":[{\"@type\":\"ReadAction\",\"target\":[\"https:\/\/grupo-organistrum.com\/gl\/los-comisarios-de-la-exposicion-cantantes-liricas-gallegas-de-los-siglos-xix-y-xx-participan-en-el-coloquio-internacional-cruces-galicia-portugal-redes-migratorias-y-culturales\/\"]}]},{\"@type\":\"ImageObject\",\"inLanguage\":\"gl-ES\",\"@id\":\"https:\/\/grupo-organistrum.com\/gl\/los-comisarios-de-la-exposicion-cantantes-liricas-gallegas-de-los-siglos-xix-y-xx-participan-en-el-coloquio-internacional-cruces-galicia-portugal-redes-migratorias-y-culturales\/#primaryimage\",\"url\":\"https:\/\/grupo-organistrum.com\/wp-content\/uploads\/2025\/04\/Cartaz_v4.png\",\"contentUrl\":\"https:\/\/grupo-organistrum.com\/wp-content\/uploads\/2025\/04\/Cartaz_v4.png\",\"width\":1587,\"height\":2245},{\"@type\":\"BreadcrumbList\",\"@id\":\"https:\/\/grupo-organistrum.com\/gl\/los-comisarios-de-la-exposicion-cantantes-liricas-gallegas-de-los-siglos-xix-y-xx-participan-en-el-coloquio-internacional-cruces-galicia-portugal-redes-migratorias-y-culturales\/#breadcrumb\",\"itemListElement\":[{\"@type\":\"ListItem\",\"position\":1,\"name\":\"Portada\",\"item\":\"https:\/\/grupo-organistrum.com\/gl\/\"},{\"@type\":\"ListItem\",\"position\":2,\"name\":\"Os comisarios da exposici\u00f3n \u00abCantantes l\u00edricas galegas dos s\u00e9culos XIX e XX\u00bb participan no Coloquio Internacional Cruces Galicia-Portugal: redes migratorias e culturais\"}]},{\"@type\":\"WebSite\",\"@id\":\"https:\/\/grupo-organistrum.com\/gl\/#website\",\"url\":\"https:\/\/grupo-organistrum.com\/gl\/\",\"name\":\"Organistrum\",\"description\":\"Grupo de Investigaci\u00f3n\",\"publisher\":{\"@id\":\"https:\/\/grupo-organistrum.com\/gl\/#organization\"},\"potentialAction\":[{\"@type\":\"SearchAction\",\"target\":{\"@type\":\"EntryPoint\",\"urlTemplate\":\"https:\/\/grupo-organistrum.com\/gl\/?s={search_term_string}\"},\"query-input\":{\"@type\":\"PropertyValueSpecification\",\"valueRequired\":true,\"valueName\":\"search_term_string\"}}],\"inLanguage\":\"gl-ES\"},{\"@type\":\"Organization\",\"@id\":\"https:\/\/grupo-organistrum.com\/gl\/#organization\",\"name\":\"Grupo Organistrum | Grupo de investigaci\u00f3n | GI-2025\",\"url\":\"https:\/\/grupo-organistrum.com\/gl\/\",\"logo\":{\"@type\":\"ImageObject\",\"inLanguage\":\"gl-ES\",\"@id\":\"https:\/\/grupo-organistrum.com\/gl\/#\/schema\/logo\/image\/\",\"url\":\"https:\/\/grupo-organistrum.com\/wp-content\/uploads\/2022\/02\/logo.png\",\"contentUrl\":\"https:\/\/grupo-organistrum.com\/wp-content\/uploads\/2022\/02\/logo.png\",\"width\":464,\"height\":103,\"caption\":\"Grupo Organistrum | Grupo de investigaci\u00f3n | GI-2025\"},\"image\":{\"@id\":\"https:\/\/grupo-organistrum.com\/gl\/#\/schema\/logo\/image\/\"}},{\"@type\":\"Person\",\"@id\":\"https:\/\/grupo-organistrum.com\/gl\/#\/schema\/person\/3be8e4cf7abe992fdb684a010c316e1c\",\"name\":\"Laura Touri\u00f1an\",\"image\":{\"@type\":\"ImageObject\",\"inLanguage\":\"gl-ES\",\"@id\":\"https:\/\/grupo-organistrum.com\/gl\/#\/schema\/person\/image\/\",\"url\":\"https:\/\/secure.gravatar.com\/avatar\/7e3d8c1f660421aa084fe0512141cd32b70d88542d05643ab2a69286e12e23a0?s=96&d=mm&r=g\",\"contentUrl\":\"https:\/\/secure.gravatar.com\/avatar\/7e3d8c1f660421aa084fe0512141cd32b70d88542d05643ab2a69286e12e23a0?s=96&d=mm&r=g\",\"caption\":\"Laura Touri\u00f1an\"}}]}<\/script>\n<!-- \/ Yoast SEO plugin. -->","yoast_head_json":{"title":"Os comisarios da exposici\u00f3n \"Cantantes l\u00edricas galegas dos s\u00e9culos XIX e XX\" participan no Coloquio Internacional Cruces Galicia-Portugal: redes migratorias e culturais - Organistrum","robots":{"index":"index","follow":"follow","max-snippet":"max-snippet:-1","max-image-preview":"max-image-preview:large","max-video-preview":"max-video-preview:-1"},"canonical":"https:\/\/grupo-organistrum.com\/gl\/los-comisarios-de-la-exposicion-cantantes-liricas-gallegas-de-los-siglos-xix-y-xx-participan-en-el-coloquio-internacional-cruces-galicia-portugal-redes-migratorias-y-culturales\/","og_locale":"gl_ES","og_type":"article","og_title":"Os comisarios da exposici\u00f3n \"Cantantes l\u00edricas galegas dos s\u00e9culos XIX e XX\" participan no Coloquio Internacional Cruces Galicia-Portugal: redes migratorias e culturais - Organistrum","og_description":"Os comisarios da exposici\u00f3n Cantantes L\u00edricas Galegas dos s\u00e9culos XIX e XX , F. J. Garbayo e M. C. Lorenzo, participar\u00e1n no Coloquio Internacional Cruces Galicia-Portugal: redes migratorias e culturais que ter\u00e1 lugar na Universidade Nova de Lisboa os d\u00edas 10 e 11 de abril de 2025. Nas xornadas de traballos, os comisarios da mostra, ... Ler m\u00e1is","og_url":"https:\/\/grupo-organistrum.com\/gl\/los-comisarios-de-la-exposicion-cantantes-liricas-gallegas-de-los-siglos-xix-y-xx-participan-en-el-coloquio-internacional-cruces-galicia-portugal-redes-migratorias-y-culturales\/","og_site_name":"Organistrum","article_published_time":"2025-04-03T10:44:00+00:00","article_modified_time":"2025-04-03T10:48:47+00:00","og_image":[{"width":1200,"height":675,"url":"https:\/\/grupo-organistrum.com\/wp-content\/uploads\/2024\/11\/6fce8102-faba-4ec4-89b0-7fe18ea5213a_16-9-discover-aspect-ratio_default_0.webp","type":"image\/webp"}],"author":"Laura Touri\u00f1an","twitter_card":"summary_large_image","twitter_misc":{"Escrito por":"Laura Touri\u00f1an","Tempo de lectura":"1 minuto"},"schema":{"@context":"https:\/\/schema.org","@graph":[{"@type":"Article","@id":"https:\/\/grupo-organistrum.com\/gl\/los-comisarios-de-la-exposicion-cantantes-liricas-gallegas-de-los-siglos-xix-y-xx-participan-en-el-coloquio-internacional-cruces-galicia-portugal-redes-migratorias-y-culturales\/#article","isPartOf":{"@id":"https:\/\/grupo-organistrum.com\/gl\/los-comisarios-de-la-exposicion-cantantes-liricas-gallegas-de-los-siglos-xix-y-xx-participan-en-el-coloquio-internacional-cruces-galicia-portugal-redes-migratorias-y-culturales\/"},"author":{"name":"Laura Touri\u00f1an","@id":"https:\/\/grupo-organistrum.com\/gl\/#\/schema\/person\/3be8e4cf7abe992fdb684a010c316e1c"},"headline":"Os comisarios da exposici\u00f3n &#8220;Cantantes l\u00edricas galegas dos s\u00e9culos XIX e XX&#8221; participan no Coloquio Internacional Cruces Galicia-Portugal: redes migratorias e culturais","datePublished":"2025-04-03T10:44:00+00:00","dateModified":"2025-04-03T10:48:47+00:00","mainEntityOfPage":{"@id":"https:\/\/grupo-organistrum.com\/gl\/los-comisarios-de-la-exposicion-cantantes-liricas-gallegas-de-los-siglos-xix-y-xx-participan-en-el-coloquio-internacional-cruces-galicia-portugal-redes-migratorias-y-culturales\/"},"wordCount":168,"publisher":{"@id":"https:\/\/grupo-organistrum.com\/gl\/#organization"},"image":{"@id":"https:\/\/grupo-organistrum.com\/gl\/los-comisarios-de-la-exposicion-cantantes-liricas-gallegas-de-los-siglos-xix-y-xx-participan-en-el-coloquio-internacional-cruces-galicia-portugal-redes-migratorias-y-culturales\/#primaryimage"},"thumbnailUrl":"https:\/\/grupo-organistrum.com\/wp-content\/uploads\/2025\/04\/Cartaz_v4.png","articleSection":["Grupo Organistrum"],"inLanguage":"gl-ES"},{"@type":"WebPage","@id":"https:\/\/grupo-organistrum.com\/gl\/los-comisarios-de-la-exposicion-cantantes-liricas-gallegas-de-los-siglos-xix-y-xx-participan-en-el-coloquio-internacional-cruces-galicia-portugal-redes-migratorias-y-culturales\/","url":"https:\/\/grupo-organistrum.com\/gl\/los-comisarios-de-la-exposicion-cantantes-liricas-gallegas-de-los-siglos-xix-y-xx-participan-en-el-coloquio-internacional-cruces-galicia-portugal-redes-migratorias-y-culturales\/","name":"Os comisarios da exposici\u00f3n \"Cantantes l\u00edricas galegas dos s\u00e9culos XIX e XX\" participan no Coloquio Internacional Cruces Galicia-Portugal: redes migratorias e culturais - Organistrum","isPartOf":{"@id":"https:\/\/grupo-organistrum.com\/gl\/#website"},"primaryImageOfPage":{"@id":"https:\/\/grupo-organistrum.com\/gl\/los-comisarios-de-la-exposicion-cantantes-liricas-gallegas-de-los-siglos-xix-y-xx-participan-en-el-coloquio-internacional-cruces-galicia-portugal-redes-migratorias-y-culturales\/#primaryimage"},"image":{"@id":"https:\/\/grupo-organistrum.com\/gl\/los-comisarios-de-la-exposicion-cantantes-liricas-gallegas-de-los-siglos-xix-y-xx-participan-en-el-coloquio-internacional-cruces-galicia-portugal-redes-migratorias-y-culturales\/#primaryimage"},"thumbnailUrl":"https:\/\/grupo-organistrum.com\/wp-content\/uploads\/2025\/04\/Cartaz_v4.png","datePublished":"2025-04-03T10:44:00+00:00","dateModified":"2025-04-03T10:48:47+00:00","breadcrumb":{"@id":"https:\/\/grupo-organistrum.com\/gl\/los-comisarios-de-la-exposicion-cantantes-liricas-gallegas-de-los-siglos-xix-y-xx-participan-en-el-coloquio-internacional-cruces-galicia-portugal-redes-migratorias-y-culturales\/#breadcrumb"},"inLanguage":"gl-ES","potentialAction":[{"@type":"ReadAction","target":["https:\/\/grupo-organistrum.com\/gl\/los-comisarios-de-la-exposicion-cantantes-liricas-gallegas-de-los-siglos-xix-y-xx-participan-en-el-coloquio-internacional-cruces-galicia-portugal-redes-migratorias-y-culturales\/"]}]},{"@type":"ImageObject","inLanguage":"gl-ES","@id":"https:\/\/grupo-organistrum.com\/gl\/los-comisarios-de-la-exposicion-cantantes-liricas-gallegas-de-los-siglos-xix-y-xx-participan-en-el-coloquio-internacional-cruces-galicia-portugal-redes-migratorias-y-culturales\/#primaryimage","url":"https:\/\/grupo-organistrum.com\/wp-content\/uploads\/2025\/04\/Cartaz_v4.png","contentUrl":"https:\/\/grupo-organistrum.com\/wp-content\/uploads\/2025\/04\/Cartaz_v4.png","width":1587,"height":2245},{"@type":"BreadcrumbList","@id":"https:\/\/grupo-organistrum.com\/gl\/los-comisarios-de-la-exposicion-cantantes-liricas-gallegas-de-los-siglos-xix-y-xx-participan-en-el-coloquio-internacional-cruces-galicia-portugal-redes-migratorias-y-culturales\/#breadcrumb","itemListElement":[{"@type":"ListItem","position":1,"name":"Portada","item":"https:\/\/grupo-organistrum.com\/gl\/"},{"@type":"ListItem","position":2,"name":"Os comisarios da exposici\u00f3n \u00abCantantes l\u00edricas galegas dos s\u00e9culos XIX e XX\u00bb participan no Coloquio Internacional Cruces Galicia-Portugal: redes migratorias e culturais"}]},{"@type":"WebSite","@id":"https:\/\/grupo-organistrum.com\/gl\/#website","url":"https:\/\/grupo-organistrum.com\/gl\/","name":"Organistrum","description":"Grupo de Investigaci\u00f3n","publisher":{"@id":"https:\/\/grupo-organistrum.com\/gl\/#organization"},"potentialAction":[{"@type":"SearchAction","target":{"@type":"EntryPoint","urlTemplate":"https:\/\/grupo-organistrum.com\/gl\/?s={search_term_string}"},"query-input":{"@type":"PropertyValueSpecification","valueRequired":true,"valueName":"search_term_string"}}],"inLanguage":"gl-ES"},{"@type":"Organization","@id":"https:\/\/grupo-organistrum.com\/gl\/#organization","name":"Grupo Organistrum | Grupo de investigaci\u00f3n | GI-2025","url":"https:\/\/grupo-organistrum.com\/gl\/","logo":{"@type":"ImageObject","inLanguage":"gl-ES","@id":"https:\/\/grupo-organistrum.com\/gl\/#\/schema\/logo\/image\/","url":"https:\/\/grupo-organistrum.com\/wp-content\/uploads\/2022\/02\/logo.png","contentUrl":"https:\/\/grupo-organistrum.com\/wp-content\/uploads\/2022\/02\/logo.png","width":464,"height":103,"caption":"Grupo Organistrum | Grupo de investigaci\u00f3n | GI-2025"},"image":{"@id":"https:\/\/grupo-organistrum.com\/gl\/#\/schema\/logo\/image\/"}},{"@type":"Person","@id":"https:\/\/grupo-organistrum.com\/gl\/#\/schema\/person\/3be8e4cf7abe992fdb684a010c316e1c","name":"Laura Touri\u00f1an","image":{"@type":"ImageObject","inLanguage":"gl-ES","@id":"https:\/\/grupo-organistrum.com\/gl\/#\/schema\/person\/image\/","url":"https:\/\/secure.gravatar.com\/avatar\/7e3d8c1f660421aa084fe0512141cd32b70d88542d05643ab2a69286e12e23a0?s=96&d=mm&r=g","contentUrl":"https:\/\/secure.gravatar.com\/avatar\/7e3d8c1f660421aa084fe0512141cd32b70d88542d05643ab2a69286e12e23a0?s=96&d=mm&r=g","caption":"Laura Touri\u00f1an"}}]}},"_links":{"self":[{"href":"https:\/\/grupo-organistrum.com\/gl\/wp-json\/wp\/v2\/posts\/10384","targetHints":{"allow":["GET"]}}],"collection":[{"href":"https:\/\/grupo-organistrum.com\/gl\/wp-json\/wp\/v2\/posts"}],"about":[{"href":"https:\/\/grupo-organistrum.com\/gl\/wp-json\/wp\/v2\/types\/post"}],"author":[{"embeddable":true,"href":"https:\/\/grupo-organistrum.com\/gl\/wp-json\/wp\/v2\/users\/2"}],"replies":[{"embeddable":true,"href":"https:\/\/grupo-organistrum.com\/gl\/wp-json\/wp\/v2\/comments?post=10384"}],"version-history":[{"count":3,"href":"https:\/\/grupo-organistrum.com\/gl\/wp-json\/wp\/v2\/posts\/10384\/revisions"}],"predecessor-version":[{"id":10389,"href":"https:\/\/grupo-organistrum.com\/gl\/wp-json\/wp\/v2\/posts\/10384\/revisions\/10389"}],"wp:featuredmedia":[{"embeddable":true,"href":"https:\/\/grupo-organistrum.com\/gl\/wp-json\/wp\/v2\/media\/10393"}],"wp:attachment":[{"href":"https:\/\/grupo-organistrum.com\/gl\/wp-json\/wp\/v2\/media?parent=10384"}],"wp:term":[{"taxonomy":"category","embeddable":true,"href":"https:\/\/grupo-organistrum.com\/gl\/wp-json\/wp\/v2\/categories?post=10384"},{"taxonomy":"post_tag","embeddable":true,"href":"https:\/\/grupo-organistrum.com\/gl\/wp-json\/wp\/v2\/tags?post=10384"}],"curies":[{"name":"wp","href":"https:\/\/api.w.org\/{rel}","templated":true}]}}