{"id":5205,"date":"2019-10-09T11:28:38","date_gmt":"2019-10-09T09:28:38","guid":{"rendered":"https:\/\/grupo-organistrum.com\/o-universo-musical-de-andres-gaos-manan-inaugurase-a-exposicion-que-repasa-a-vida-e-obra-do-compositor-galego-la-voz-de-galicia\/"},"modified":"2022-04-20T15:43:54","modified_gmt":"2022-04-20T13:43:54","slug":"o-universo-musical-de-andres-gaos-manan-inaugurase-a-exposicion-que-repasa-a-vida-e-obra-do-compositor-galego-la-voz-de-galicia","status":"publish","type":"post","link":"https:\/\/grupo-organistrum.com\/gl\/o-universo-musical-de-andres-gaos-manan-inaugurase-a-exposicion-que-repasa-a-vida-e-obra-do-compositor-galego-la-voz-de-galicia\/","title":{"rendered":"O universo musical de Andr\u00e9s Gaos. Ma\u00f1\u00e1n inaug\u00farase a exposici\u00f3n que repasa a vida e obra do compositor galego (La Voz de Galicia)"},"content":{"rendered":"<div      class=\"vc_row wpb_row section vc_row-fluid \" style=' text-align:left;'>\n<div class=\" full_section_inner clearfix\">\n<div class=\"wpb_column vc_column_container vc_col-sm-12\">\n<div class=\"vc_column-inner \">\n<div class=\"wpb_wrapper\">\n<div class=\"wpb_text_column wpb_content_element \">\n<div class=\"wpb_wrapper\">\n<p><strong>Inauguraci\u00f3n: ma\u00f1\u00e1 \u00e1s 18.30 horas \u2022<\/strong> Cando se cumpren 60 anos da morte do compositor coru\u00f1\u00e9s Andr\u00e9s Gaos, Afundaci\u00f3n ded\u00edcalle unha exposici\u00f3n na que se repasa a s\u00faa vida e a obra a trav\u00e9s do legado conservado polo Fondo Gaos e doado polo propio fillo do m\u00fasico recentemente \u00e1\u00a0 Universidade de Santiago de Compostela. Onte presentouse esta mostra titulada &#8220;Ou universo musical de Andr\u00e9s Gaos (1874-1959)&#8221;, que se inaugurar\u00e1 oficialmente ma\u00f1\u00e1 \u00e1s 18.30 horas cunha visita guiada. De todos os xeitos, na tarde de onte xa se puido gozar do son dun viol\u00edn do s\u00e9culo\u00a0 XVIII restaurado dos que usaba o compositor e int\u00e9rprete, nun concerto que ofreceron o violinista\u00a0 Florian\u00a0 Vlashi acompa\u00f1ado polo pianista Julio\u00a0 Mourenza.<\/p>\n<\/p><\/div>\n<\/p><\/div>\n<div class=\"separator  transparent   \" style=\"margin-top: 2px;margin-bottom: 0px;\"><\/div>\n<p><a itemprop=\"url\" href=\"https:\/\/www.lavozdegalicia.es\/noticia\/coruna\/2019\/10\/09\/universo-musical-andres-gaos\/0003_201910H9C109916.htm\" target=\"_blank\" class=\"qbutton  center default\" style=\"font-weight: 300; \" rel=\"noopener\">LER A NOVA COMPLETA<\/a><\/div>\n<\/div>\n<\/div>\n<\/div>\n<\/div>\n<div      class=\"vc_row wpb_row section vc_row-fluid \" style=' text-align:left;'>\n<div class=\" full_section_inner clearfix\">\n<div class=\"wpb_column vc_column_container vc_col-sm-12\">\n<div class=\"vc_column-inner \">\n<div class=\"wpb_wrapper\"><\/div>\n<\/div>\n<\/div>\n<div class=\"wpb_column vc_column_container vc_col-sm-12\">\n<div class=\"vc_column-inner \">\n<div class=\"wpb_wrapper\"><\/div>\n<\/div>\n<\/div>\n<\/div>\n<\/div>\n","protected":false},"excerpt":{"rendered":"<p>Inauguraci\u00f3n: ma\u00f1\u00e1 \u00e1s 18.30 horas \u2022 Cando se cumpren 60 anos da morte do compositor coru\u00f1\u00e9s Andr\u00e9s Gaos, Afundaci\u00f3n ded\u00edcalle unha exposici\u00f3n na que se repasa a s\u00faa vida e a obra a trav\u00e9s do legado conservado polo Fondo Gaos e doado polo propio fillo do m\u00fasico recentemente \u00e1\u00a0 Universidade de Santiago de Compostela. Onte &#8230; <a title=\"O universo musical de Andr\u00e9s Gaos. Ma\u00f1\u00e1n inaug\u00farase a exposici\u00f3n que repasa a vida e obra do compositor galego (La Voz de Galicia)\" class=\"read-more\" href=\"https:\/\/grupo-organistrum.com\/gl\/o-universo-musical-de-andres-gaos-manan-inaugurase-a-exposicion-que-repasa-a-vida-e-obra-do-compositor-galego-la-voz-de-galicia\/\" aria-label=\"Le m\u00e1is sobre O universo musical de Andr\u00e9s Gaos. Ma\u00f1\u00e1n inaug\u00farase a exposici\u00f3n que repasa a vida e obra do compositor galego (La Voz de Galicia)\">Ler m\u00e1is<\/a><\/p>\n","protected":false},"author":1,"featured_media":6360,"comment_status":"closed","ping_status":"closed","sticky":false,"template":"","format":"standard","meta":{"_acf_changed":false,"footnotes":""},"categories":[155,154],"tags":[],"class_list":["post-5205","post","type-post","status-publish","format-standard","has-post-thumbnail","hentry","category-exposicion","category-fondo-andres-gaos-usc"],"acf":[],"yoast_head":"<!-- This site is optimized with the Yoast SEO plugin v25.2 - https:\/\/yoast.com\/wordpress\/plugins\/seo\/ -->\n<title>O universo musical de Andr\u00e9s Gaos. Ma\u00f1\u00e1n inaug\u00farase a exposici\u00f3n que repasa a vida e obra do compositor galego (La Voz de Galicia) - Organistrum<\/title>\n<meta name=\"robots\" content=\"index, follow, max-snippet:-1, max-image-preview:large, max-video-preview:-1\" \/>\n<link rel=\"canonical\" href=\"https:\/\/grupo-organistrum.com\/gl\/o-universo-musical-de-andres-gaos-manan-inaugurase-a-exposicion-que-repasa-a-vida-e-obra-do-compositor-galego-la-voz-de-galicia\/\" \/>\n<meta property=\"og:locale\" content=\"gl_ES\" \/>\n<meta property=\"og:type\" content=\"article\" \/>\n<meta property=\"og:title\" content=\"O universo musical de Andr\u00e9s Gaos. Ma\u00f1\u00e1n inaug\u00farase a exposici\u00f3n que repasa a vida e obra do compositor galego (La Voz de Galicia) - Organistrum\" \/>\n<meta property=\"og:description\" content=\"Inauguraci\u00f3n: ma\u00f1\u00e1 \u00e1s 18.30 horas \u2022 Cando se cumpren 60 anos da morte do compositor coru\u00f1\u00e9s Andr\u00e9s Gaos, Afundaci\u00f3n ded\u00edcalle unha exposici\u00f3n na que se repasa a s\u00faa vida e a obra a trav\u00e9s do legado conservado polo Fondo Gaos e doado polo propio fillo do m\u00fasico recentemente \u00e1\u00a0 Universidade de Santiago de Compostela. Onte ... Ler m\u00e1is\" \/>\n<meta property=\"og:url\" content=\"https:\/\/grupo-organistrum.com\/gl\/o-universo-musical-de-andres-gaos-manan-inaugurase-a-exposicion-que-repasa-a-vida-e-obra-do-compositor-galego-la-voz-de-galicia\/\" \/>\n<meta property=\"og:site_name\" content=\"Organistrum\" \/>\n<meta property=\"article:published_time\" content=\"2019-10-09T09:28:38+00:00\" \/>\n<meta property=\"article:modified_time\" content=\"2022-04-20T13:43:54+00:00\" \/>\n<meta property=\"og:image\" content=\"https:\/\/grupo-organistrum.com\/wp-content\/uploads\/2019\/10\/HO9C1F1_224232-2.jpg\" \/>\n\t<meta property=\"og:image:width\" content=\"1280\" \/>\n\t<meta property=\"og:image:height\" content=\"720\" \/>\n\t<meta property=\"og:image:type\" content=\"image\/jpeg\" \/>\n<meta name=\"author\" content=\"admin@GrupoOrganistrum\" \/>\n<meta name=\"twitter:card\" content=\"summary_large_image\" \/>\n<meta name=\"twitter:label1\" content=\"Escrito por\" \/>\n\t<meta name=\"twitter:data1\" content=\"admin@GrupoOrganistrum\" \/>\n\t<meta name=\"twitter:label2\" content=\"Tempo de lectura\" \/>\n\t<meta name=\"twitter:data2\" content=\"1 minuto\" \/>\n<script type=\"application\/ld+json\" class=\"yoast-schema-graph\">{\"@context\":\"https:\/\/schema.org\",\"@graph\":[{\"@type\":\"Article\",\"@id\":\"https:\/\/grupo-organistrum.com\/gl\/o-universo-musical-de-andres-gaos-manan-inaugurase-a-exposicion-que-repasa-a-vida-e-obra-do-compositor-galego-la-voz-de-galicia\/#article\",\"isPartOf\":{\"@id\":\"https:\/\/grupo-organistrum.com\/gl\/o-universo-musical-de-andres-gaos-manan-inaugurase-a-exposicion-que-repasa-a-vida-e-obra-do-compositor-galego-la-voz-de-galicia\/\"},\"author\":{\"name\":\"admin@GrupoOrganistrum\",\"@id\":\"https:\/\/grupo-organistrum.com\/gl\/#\/schema\/person\/536bc16c21bf5af9ab7d10c73ea9affc\"},\"headline\":\"O universo musical de Andr\u00e9s Gaos. Ma\u00f1\u00e1n inaug\u00farase a exposici\u00f3n que repasa a vida e obra do compositor galego (La Voz de Galicia)\",\"datePublished\":\"2019-10-09T09:28:38+00:00\",\"dateModified\":\"2022-04-20T13:43:54+00:00\",\"mainEntityOfPage\":{\"@id\":\"https:\/\/grupo-organistrum.com\/gl\/o-universo-musical-de-andres-gaos-manan-inaugurase-a-exposicion-que-repasa-a-vida-e-obra-do-compositor-galego-la-voz-de-galicia\/\"},\"wordCount\":157,\"publisher\":{\"@id\":\"https:\/\/grupo-organistrum.com\/gl\/#organization\"},\"image\":{\"@id\":\"https:\/\/grupo-organistrum.com\/gl\/o-universo-musical-de-andres-gaos-manan-inaugurase-a-exposicion-que-repasa-a-vida-e-obra-do-compositor-galego-la-voz-de-galicia\/#primaryimage\"},\"thumbnailUrl\":\"https:\/\/grupo-organistrum.com\/wp-content\/uploads\/2019\/10\/HO9C1F1_224232-2.jpg\",\"articleSection\":[\"Exposici\u00f3n\",\"Fondo Andr\u00e9s Gaos (USC)\"],\"inLanguage\":\"gl-ES\"},{\"@type\":\"WebPage\",\"@id\":\"https:\/\/grupo-organistrum.com\/gl\/o-universo-musical-de-andres-gaos-manan-inaugurase-a-exposicion-que-repasa-a-vida-e-obra-do-compositor-galego-la-voz-de-galicia\/\",\"url\":\"https:\/\/grupo-organistrum.com\/gl\/o-universo-musical-de-andres-gaos-manan-inaugurase-a-exposicion-que-repasa-a-vida-e-obra-do-compositor-galego-la-voz-de-galicia\/\",\"name\":\"O universo musical de Andr\u00e9s Gaos. Ma\u00f1\u00e1n inaug\u00farase a exposici\u00f3n que repasa a vida e obra do compositor galego (La Voz de Galicia) - Organistrum\",\"isPartOf\":{\"@id\":\"https:\/\/grupo-organistrum.com\/gl\/#website\"},\"primaryImageOfPage\":{\"@id\":\"https:\/\/grupo-organistrum.com\/gl\/o-universo-musical-de-andres-gaos-manan-inaugurase-a-exposicion-que-repasa-a-vida-e-obra-do-compositor-galego-la-voz-de-galicia\/#primaryimage\"},\"image\":{\"@id\":\"https:\/\/grupo-organistrum.com\/gl\/o-universo-musical-de-andres-gaos-manan-inaugurase-a-exposicion-que-repasa-a-vida-e-obra-do-compositor-galego-la-voz-de-galicia\/#primaryimage\"},\"thumbnailUrl\":\"https:\/\/grupo-organistrum.com\/wp-content\/uploads\/2019\/10\/HO9C1F1_224232-2.jpg\",\"datePublished\":\"2019-10-09T09:28:38+00:00\",\"dateModified\":\"2022-04-20T13:43:54+00:00\",\"breadcrumb\":{\"@id\":\"https:\/\/grupo-organistrum.com\/gl\/o-universo-musical-de-andres-gaos-manan-inaugurase-a-exposicion-que-repasa-a-vida-e-obra-do-compositor-galego-la-voz-de-galicia\/#breadcrumb\"},\"inLanguage\":\"gl-ES\",\"potentialAction\":[{\"@type\":\"ReadAction\",\"target\":[\"https:\/\/grupo-organistrum.com\/gl\/o-universo-musical-de-andres-gaos-manan-inaugurase-a-exposicion-que-repasa-a-vida-e-obra-do-compositor-galego-la-voz-de-galicia\/\"]}]},{\"@type\":\"ImageObject\",\"inLanguage\":\"gl-ES\",\"@id\":\"https:\/\/grupo-organistrum.com\/gl\/o-universo-musical-de-andres-gaos-manan-inaugurase-a-exposicion-que-repasa-a-vida-e-obra-do-compositor-galego-la-voz-de-galicia\/#primaryimage\",\"url\":\"https:\/\/grupo-organistrum.com\/wp-content\/uploads\/2019\/10\/HO9C1F1_224232-2.jpg\",\"contentUrl\":\"https:\/\/grupo-organistrum.com\/wp-content\/uploads\/2019\/10\/HO9C1F1_224232-2.jpg\",\"width\":1280,\"height\":720},{\"@type\":\"BreadcrumbList\",\"@id\":\"https:\/\/grupo-organistrum.com\/gl\/o-universo-musical-de-andres-gaos-manan-inaugurase-a-exposicion-que-repasa-a-vida-e-obra-do-compositor-galego-la-voz-de-galicia\/#breadcrumb\",\"itemListElement\":[{\"@type\":\"ListItem\",\"position\":1,\"name\":\"Portada\",\"item\":\"https:\/\/grupo-organistrum.com\/gl\/\"},{\"@type\":\"ListItem\",\"position\":2,\"name\":\"O universo musical de Andr\u00e9s Gaos. Ma\u00f1\u00e1n inaug\u00farase a exposici\u00f3n que repasa a vida e obra do compositor galego (La Voz de Galicia)\"}]},{\"@type\":\"WebSite\",\"@id\":\"https:\/\/grupo-organistrum.com\/gl\/#website\",\"url\":\"https:\/\/grupo-organistrum.com\/gl\/\",\"name\":\"Organistrum\",\"description\":\"Grupo de Investigaci\u00f3n\",\"publisher\":{\"@id\":\"https:\/\/grupo-organistrum.com\/gl\/#organization\"},\"potentialAction\":[{\"@type\":\"SearchAction\",\"target\":{\"@type\":\"EntryPoint\",\"urlTemplate\":\"https:\/\/grupo-organistrum.com\/gl\/?s={search_term_string}\"},\"query-input\":{\"@type\":\"PropertyValueSpecification\",\"valueRequired\":true,\"valueName\":\"search_term_string\"}}],\"inLanguage\":\"gl-ES\"},{\"@type\":\"Organization\",\"@id\":\"https:\/\/grupo-organistrum.com\/gl\/#organization\",\"name\":\"Grupo Organistrum | Grupo de investigaci\u00f3n | GI-2025\",\"url\":\"https:\/\/grupo-organistrum.com\/gl\/\",\"logo\":{\"@type\":\"ImageObject\",\"inLanguage\":\"gl-ES\",\"@id\":\"https:\/\/grupo-organistrum.com\/gl\/#\/schema\/logo\/image\/\",\"url\":\"https:\/\/grupo-organistrum.com\/wp-content\/uploads\/2022\/02\/logo.png\",\"contentUrl\":\"https:\/\/grupo-organistrum.com\/wp-content\/uploads\/2022\/02\/logo.png\",\"width\":464,\"height\":103,\"caption\":\"Grupo Organistrum | Grupo de investigaci\u00f3n | GI-2025\"},\"image\":{\"@id\":\"https:\/\/grupo-organistrum.com\/gl\/#\/schema\/logo\/image\/\"}},{\"@type\":\"Person\",\"@id\":\"https:\/\/grupo-organistrum.com\/gl\/#\/schema\/person\/536bc16c21bf5af9ab7d10c73ea9affc\",\"name\":\"admin@GrupoOrganistrum\",\"image\":{\"@type\":\"ImageObject\",\"inLanguage\":\"gl-ES\",\"@id\":\"https:\/\/grupo-organistrum.com\/gl\/#\/schema\/person\/image\/\",\"url\":\"https:\/\/secure.gravatar.com\/avatar\/9a7852d6d4143a23715f3b6c52c7fe4f9082cb5a0c79afd7fe61012ab796a742?s=96&d=mm&r=g\",\"contentUrl\":\"https:\/\/secure.gravatar.com\/avatar\/9a7852d6d4143a23715f3b6c52c7fe4f9082cb5a0c79afd7fe61012ab796a742?s=96&d=mm&r=g\",\"caption\":\"admin@GrupoOrganistrum\"},\"sameAs\":[\"https:\/\/grupo-organistrum.com\"]}]}<\/script>\n<!-- \/ Yoast SEO plugin. -->","yoast_head_json":{"title":"O universo musical de Andr\u00e9s Gaos. Ma\u00f1\u00e1n inaug\u00farase a exposici\u00f3n que repasa a vida e obra do compositor galego (La Voz de Galicia) - Organistrum","robots":{"index":"index","follow":"follow","max-snippet":"max-snippet:-1","max-image-preview":"max-image-preview:large","max-video-preview":"max-video-preview:-1"},"canonical":"https:\/\/grupo-organistrum.com\/gl\/o-universo-musical-de-andres-gaos-manan-inaugurase-a-exposicion-que-repasa-a-vida-e-obra-do-compositor-galego-la-voz-de-galicia\/","og_locale":"gl_ES","og_type":"article","og_title":"O universo musical de Andr\u00e9s Gaos. Ma\u00f1\u00e1n inaug\u00farase a exposici\u00f3n que repasa a vida e obra do compositor galego (La Voz de Galicia) - Organistrum","og_description":"Inauguraci\u00f3n: ma\u00f1\u00e1 \u00e1s 18.30 horas \u2022 Cando se cumpren 60 anos da morte do compositor coru\u00f1\u00e9s Andr\u00e9s Gaos, Afundaci\u00f3n ded\u00edcalle unha exposici\u00f3n na que se repasa a s\u00faa vida e a obra a trav\u00e9s do legado conservado polo Fondo Gaos e doado polo propio fillo do m\u00fasico recentemente \u00e1\u00a0 Universidade de Santiago de Compostela. Onte ... Ler m\u00e1is","og_url":"https:\/\/grupo-organistrum.com\/gl\/o-universo-musical-de-andres-gaos-manan-inaugurase-a-exposicion-que-repasa-a-vida-e-obra-do-compositor-galego-la-voz-de-galicia\/","og_site_name":"Organistrum","article_published_time":"2019-10-09T09:28:38+00:00","article_modified_time":"2022-04-20T13:43:54+00:00","og_image":[{"width":1280,"height":720,"url":"https:\/\/grupo-organistrum.com\/wp-content\/uploads\/2019\/10\/HO9C1F1_224232-2.jpg","type":"image\/jpeg"}],"author":"admin@GrupoOrganistrum","twitter_card":"summary_large_image","twitter_misc":{"Escrito por":"admin@GrupoOrganistrum","Tempo de lectura":"1 minuto"},"schema":{"@context":"https:\/\/schema.org","@graph":[{"@type":"Article","@id":"https:\/\/grupo-organistrum.com\/gl\/o-universo-musical-de-andres-gaos-manan-inaugurase-a-exposicion-que-repasa-a-vida-e-obra-do-compositor-galego-la-voz-de-galicia\/#article","isPartOf":{"@id":"https:\/\/grupo-organistrum.com\/gl\/o-universo-musical-de-andres-gaos-manan-inaugurase-a-exposicion-que-repasa-a-vida-e-obra-do-compositor-galego-la-voz-de-galicia\/"},"author":{"name":"admin@GrupoOrganistrum","@id":"https:\/\/grupo-organistrum.com\/gl\/#\/schema\/person\/536bc16c21bf5af9ab7d10c73ea9affc"},"headline":"O universo musical de Andr\u00e9s Gaos. Ma\u00f1\u00e1n inaug\u00farase a exposici\u00f3n que repasa a vida e obra do compositor galego (La Voz de Galicia)","datePublished":"2019-10-09T09:28:38+00:00","dateModified":"2022-04-20T13:43:54+00:00","mainEntityOfPage":{"@id":"https:\/\/grupo-organistrum.com\/gl\/o-universo-musical-de-andres-gaos-manan-inaugurase-a-exposicion-que-repasa-a-vida-e-obra-do-compositor-galego-la-voz-de-galicia\/"},"wordCount":157,"publisher":{"@id":"https:\/\/grupo-organistrum.com\/gl\/#organization"},"image":{"@id":"https:\/\/grupo-organistrum.com\/gl\/o-universo-musical-de-andres-gaos-manan-inaugurase-a-exposicion-que-repasa-a-vida-e-obra-do-compositor-galego-la-voz-de-galicia\/#primaryimage"},"thumbnailUrl":"https:\/\/grupo-organistrum.com\/wp-content\/uploads\/2019\/10\/HO9C1F1_224232-2.jpg","articleSection":["Exposici\u00f3n","Fondo Andr\u00e9s Gaos (USC)"],"inLanguage":"gl-ES"},{"@type":"WebPage","@id":"https:\/\/grupo-organistrum.com\/gl\/o-universo-musical-de-andres-gaos-manan-inaugurase-a-exposicion-que-repasa-a-vida-e-obra-do-compositor-galego-la-voz-de-galicia\/","url":"https:\/\/grupo-organistrum.com\/gl\/o-universo-musical-de-andres-gaos-manan-inaugurase-a-exposicion-que-repasa-a-vida-e-obra-do-compositor-galego-la-voz-de-galicia\/","name":"O universo musical de Andr\u00e9s Gaos. Ma\u00f1\u00e1n inaug\u00farase a exposici\u00f3n que repasa a vida e obra do compositor galego (La Voz de Galicia) - Organistrum","isPartOf":{"@id":"https:\/\/grupo-organistrum.com\/gl\/#website"},"primaryImageOfPage":{"@id":"https:\/\/grupo-organistrum.com\/gl\/o-universo-musical-de-andres-gaos-manan-inaugurase-a-exposicion-que-repasa-a-vida-e-obra-do-compositor-galego-la-voz-de-galicia\/#primaryimage"},"image":{"@id":"https:\/\/grupo-organistrum.com\/gl\/o-universo-musical-de-andres-gaos-manan-inaugurase-a-exposicion-que-repasa-a-vida-e-obra-do-compositor-galego-la-voz-de-galicia\/#primaryimage"},"thumbnailUrl":"https:\/\/grupo-organistrum.com\/wp-content\/uploads\/2019\/10\/HO9C1F1_224232-2.jpg","datePublished":"2019-10-09T09:28:38+00:00","dateModified":"2022-04-20T13:43:54+00:00","breadcrumb":{"@id":"https:\/\/grupo-organistrum.com\/gl\/o-universo-musical-de-andres-gaos-manan-inaugurase-a-exposicion-que-repasa-a-vida-e-obra-do-compositor-galego-la-voz-de-galicia\/#breadcrumb"},"inLanguage":"gl-ES","potentialAction":[{"@type":"ReadAction","target":["https:\/\/grupo-organistrum.com\/gl\/o-universo-musical-de-andres-gaos-manan-inaugurase-a-exposicion-que-repasa-a-vida-e-obra-do-compositor-galego-la-voz-de-galicia\/"]}]},{"@type":"ImageObject","inLanguage":"gl-ES","@id":"https:\/\/grupo-organistrum.com\/gl\/o-universo-musical-de-andres-gaos-manan-inaugurase-a-exposicion-que-repasa-a-vida-e-obra-do-compositor-galego-la-voz-de-galicia\/#primaryimage","url":"https:\/\/grupo-organistrum.com\/wp-content\/uploads\/2019\/10\/HO9C1F1_224232-2.jpg","contentUrl":"https:\/\/grupo-organistrum.com\/wp-content\/uploads\/2019\/10\/HO9C1F1_224232-2.jpg","width":1280,"height":720},{"@type":"BreadcrumbList","@id":"https:\/\/grupo-organistrum.com\/gl\/o-universo-musical-de-andres-gaos-manan-inaugurase-a-exposicion-que-repasa-a-vida-e-obra-do-compositor-galego-la-voz-de-galicia\/#breadcrumb","itemListElement":[{"@type":"ListItem","position":1,"name":"Portada","item":"https:\/\/grupo-organistrum.com\/gl\/"},{"@type":"ListItem","position":2,"name":"O universo musical de Andr\u00e9s Gaos. Ma\u00f1\u00e1n inaug\u00farase a exposici\u00f3n que repasa a vida e obra do compositor galego (La Voz de Galicia)"}]},{"@type":"WebSite","@id":"https:\/\/grupo-organistrum.com\/gl\/#website","url":"https:\/\/grupo-organistrum.com\/gl\/","name":"Organistrum","description":"Grupo de Investigaci\u00f3n","publisher":{"@id":"https:\/\/grupo-organistrum.com\/gl\/#organization"},"potentialAction":[{"@type":"SearchAction","target":{"@type":"EntryPoint","urlTemplate":"https:\/\/grupo-organistrum.com\/gl\/?s={search_term_string}"},"query-input":{"@type":"PropertyValueSpecification","valueRequired":true,"valueName":"search_term_string"}}],"inLanguage":"gl-ES"},{"@type":"Organization","@id":"https:\/\/grupo-organistrum.com\/gl\/#organization","name":"Grupo Organistrum | Grupo de investigaci\u00f3n | GI-2025","url":"https:\/\/grupo-organistrum.com\/gl\/","logo":{"@type":"ImageObject","inLanguage":"gl-ES","@id":"https:\/\/grupo-organistrum.com\/gl\/#\/schema\/logo\/image\/","url":"https:\/\/grupo-organistrum.com\/wp-content\/uploads\/2022\/02\/logo.png","contentUrl":"https:\/\/grupo-organistrum.com\/wp-content\/uploads\/2022\/02\/logo.png","width":464,"height":103,"caption":"Grupo Organistrum | Grupo de investigaci\u00f3n | GI-2025"},"image":{"@id":"https:\/\/grupo-organistrum.com\/gl\/#\/schema\/logo\/image\/"}},{"@type":"Person","@id":"https:\/\/grupo-organistrum.com\/gl\/#\/schema\/person\/536bc16c21bf5af9ab7d10c73ea9affc","name":"admin@GrupoOrganistrum","image":{"@type":"ImageObject","inLanguage":"gl-ES","@id":"https:\/\/grupo-organistrum.com\/gl\/#\/schema\/person\/image\/","url":"https:\/\/secure.gravatar.com\/avatar\/9a7852d6d4143a23715f3b6c52c7fe4f9082cb5a0c79afd7fe61012ab796a742?s=96&d=mm&r=g","contentUrl":"https:\/\/secure.gravatar.com\/avatar\/9a7852d6d4143a23715f3b6c52c7fe4f9082cb5a0c79afd7fe61012ab796a742?s=96&d=mm&r=g","caption":"admin@GrupoOrganistrum"},"sameAs":["https:\/\/grupo-organistrum.com"]}]}},"_links":{"self":[{"href":"https:\/\/grupo-organistrum.com\/gl\/wp-json\/wp\/v2\/posts\/5205","targetHints":{"allow":["GET"]}}],"collection":[{"href":"https:\/\/grupo-organistrum.com\/gl\/wp-json\/wp\/v2\/posts"}],"about":[{"href":"https:\/\/grupo-organistrum.com\/gl\/wp-json\/wp\/v2\/types\/post"}],"author":[{"embeddable":true,"href":"https:\/\/grupo-organistrum.com\/gl\/wp-json\/wp\/v2\/users\/1"}],"replies":[{"embeddable":true,"href":"https:\/\/grupo-organistrum.com\/gl\/wp-json\/wp\/v2\/comments?post=5205"}],"version-history":[{"count":0,"href":"https:\/\/grupo-organistrum.com\/gl\/wp-json\/wp\/v2\/posts\/5205\/revisions"}],"wp:featuredmedia":[{"embeddable":true,"href":"https:\/\/grupo-organistrum.com\/gl\/wp-json\/wp\/v2\/media\/6360"}],"wp:attachment":[{"href":"https:\/\/grupo-organistrum.com\/gl\/wp-json\/wp\/v2\/media?parent=5205"}],"wp:term":[{"taxonomy":"category","embeddable":true,"href":"https:\/\/grupo-organistrum.com\/gl\/wp-json\/wp\/v2\/categories?post=5205"},{"taxonomy":"post_tag","embeddable":true,"href":"https:\/\/grupo-organistrum.com\/gl\/wp-json\/wp\/v2\/tags?post=5205"}],"curies":[{"name":"wp","href":"https:\/\/api.w.org\/{rel}","templated":true}]}}