{"id":5233,"date":"2019-03-18T16:31:14","date_gmt":"2019-03-18T15:31:14","guid":{"rendered":"https:\/\/grupo-organistrum.com\/se-presenta-en-historia-el-libro-de-canciones-de-andres-gaos\/"},"modified":"2022-04-20T15:43:54","modified_gmt":"2022-04-20T13:43:54","slug":"se-presenta-en-historia-el-libro-de-canciones-de-andres-gaos","status":"publish","type":"post","link":"https:\/\/grupo-organistrum.com\/gl\/se-presenta-en-historia-el-libro-de-canciones-de-andres-gaos\/","title":{"rendered":"Se presenta en Historia el libro de canciones de Andr\u00e9s Gaos"},"content":{"rendered":"<div      class=\"vc_row wpb_row section vc_row-fluid \" style=' text-align:left;'>\n<div class=\" full_section_inner clearfix\">\n<div class=\"wpb_column vc_column_container vc_col-sm-12\">\n<div class=\"vc_column-inner \">\n<div class=\"wpb_wrapper\">\n<div class=\"wpb_text_column wpb_content_element \">\n<div class=\"wpb_wrapper\">\n<p>No d\u00eda que se cumpren 60 anos do seu falecemento e enmarcado nas numerosas actividades do Ano Gaos 2019, o grupo de m\u00fasica Organistrum da USC presenta hoxe venres 15 na Facultade de Xeograf\u00eda e Historia o libro &#8220;Canci\u00f3ns para voz e piano de Andr\u00e9s Gaos&#8221;. O acto presentarao \u00e1s 19.30 horas na Aula Andr\u00e9s Gaos (aula 12) o decano do centro, Francisco Dur\u00e1n; o editor das canci\u00f3ns, Jo\u00e1m Trillo, e a autora da introduci\u00f3n, Montserrat Capel\u00e1n.<\/p>\n<p>O libro recolle todas as canci\u00f3ns para voz e piano compostas polo autor, con excepci\u00f3n das patri\u00f3ticas. Son en total 20 canci\u00f3ns, das que unha \u00e9 galega, 9 son francesas e 10 en castel\u00e1n, que van dende a s\u00faa primeira obra escrita en 1891 -cando contaba con apenas 17 anos- \u00e1 \u00faltima, pouco antes de falecer en 1959.<\/p>\n<p>A publicaci\u00f3n \u00e9 unha boa mostra do estilo musical de Andr\u00e9s Gaos Berea (1874-1959), considerado un dos mellores compositores galegos de todos os tempos, e na que se compendian as s\u00faas diferentes facetas compositivas.<\/p>\n<p>Con esta presentaci\u00f3n contin\u00faase co Ano Gaos 2019, que contar\u00e1 con importantes celebraci\u00f3ns (exposici\u00f3ns, concertos, edici\u00f3ns, simposios, etc.) en diversas cidades galegas e que, por iniciativa da Universidade de Santiago, conta co apoio de instituci\u00f3ns como a Xunta de Galicia, a Deputaci\u00f3n e o Concello da Coru\u00f1a, Afundaci\u00f3n, o Consello da Cultura Galega, as orquestras Filharmonia de Santiago e Sinf\u00f3nica de Galicia e o Centro de Radio Televisi\u00f3n de Galicia; ademais do grupo Organistrum, que patrocina o Ministerio de Econom\u00eda e Competitividade e a Uni\u00f3n Europea.<\/p>\n<p>Andr\u00e9s Gaos. Considerado pola prensa como un neno prodixio, aos 12 anos Gaos consegue unha bolsa da Deputaci\u00f3n da Coru\u00f1a para estudar no Conservatorio de Madrid co violinista Jes\u00fas de Monasterio. Posteriormente marcha a Par\u00eds e Bruxelas, onde tam\u00e9n estudar\u00e1 composici\u00f3n e ser\u00e1 alumno de Eug\u00e8ne Ysa\u00ffe, co\u00f1ecido como \u2018o rei do viol\u00edn\u2019.<\/p>\n<p>Con s\u00f3 20 anos far\u00e1 a s\u00faa primeira xira por Am\u00e9rica, para terminar instal\u00e1ndose finalmente en Arxentina en 1895, pa\u00eds no que desenvolver\u00e1 unha importante actividade educativa (creou o seu propio conservatorio en 1904), interpretativa (como solista e co seu cuarteto), como director de orquestra (foi, por exemplo, director da orquestra que representou Arxentina na exposici\u00f3n de Par\u00eds de 1937) e compositiva.<\/p>\n<p>A s\u00faa obra compositiva \u00e9 ampla. Con m\u00e1is de 70 t\u00edtulos incl\u00fae repertorio esc\u00e9nico, orquestral, pian\u00edstico, para viol\u00edn, para violoncello e para voz e piano. Ademais do repertorio arxentino, como o seu Tango ou a s\u00faa Danza argentina, compuxo un importante repertorio de tem\u00e1tica galega como a s\u00faa Mui\u00f1eira, Aires gallegos, Rosa de abril (baseada nun poema de Rosal\u00eda de Castro) e a s\u00faa famosa Sinfon\u00eda n\u00ba 2, co\u00f1ecida tam\u00e9n como Suite Galaica ou En las Monta\u00f1as de Galicia e coa que ga\u00f1ou o premio da Hermandad Gallega de Buenos Aires en 1953, o que lle valeu ser considerado un dos m\u00e1ximos representantes da m\u00fasica galega.<\/p>\n<\/p><\/div>\n<\/p><\/div>\n<div class=\"separator  transparent   \" style=\"margin-top: 2px;margin-bottom: 0px;\"><\/div>\n<\/div>\n<\/div>\n<\/div>\n<\/div>\n<\/div>\n<div      class=\"vc_row wpb_row section vc_row-fluid \" style=' text-align:left;'>\n<div class=\" full_section_inner clearfix\">\n<div class=\"wpb_column vc_column_container vc_col-sm-12\">\n<div class=\"vc_column-inner \">\n<div class=\"wpb_wrapper\">\n<div class=\"wpb_text_column wpb_content_element \">\n<div class=\"wpb_wrapper\">\n<p><a href=\"https:\/\/www.compostela24horas.com\/texto-diario\/mostrar\/1355960\/presentase-na-facultade-historia-libro-cancions-andres-gaos\" target=\"_blank\" rel=\"noopener noreferrer\">LER A NOVA<\/a><\/p>\n<\/p><\/div>\n<\/p><\/div>\n<\/p><\/div>\n<\/div>\n<\/div>\n<div class=\"wpb_column vc_column_container vc_col-sm-12\">\n<div class=\"vc_column-inner \">\n<div class=\"wpb_wrapper\"><\/div>\n<\/div>\n<\/div>\n<\/div>\n<\/div>\n","protected":false},"excerpt":{"rendered":"<p>No d\u00eda que se cumpren 60 anos do seu falecemento e enmarcado nas numerosas actividades do Ano Gaos 2019, o grupo de m\u00fasica Organistrum da USC presenta hoxe venres 15 na Facultade de Xeograf\u00eda e Historia o libro &#8220;Canci\u00f3ns para voz e piano de Andr\u00e9s Gaos&#8221;. O acto presentarao \u00e1s 19.30 horas na Aula Andr\u00e9s &#8230; <a title=\"Se presenta en Historia el libro de canciones de Andr\u00e9s Gaos\" class=\"read-more\" href=\"https:\/\/grupo-organistrum.com\/gl\/se-presenta-en-historia-el-libro-de-canciones-de-andres-gaos\/\" aria-label=\"Le m\u00e1is sobre Se presenta en Historia el libro de canciones de Andr\u00e9s Gaos\">Ler m\u00e1is<\/a><\/p>\n","protected":false},"author":1,"featured_media":6416,"comment_status":"closed","ping_status":"closed","sticky":false,"template":"","format":"standard","meta":{"_acf_changed":false,"footnotes":""},"categories":[154,153,157],"tags":[],"class_list":["post-5233","post","type-post","status-publish","format-standard","has-post-thumbnail","hentry","category-fondo-andres-gaos-usc","category-presentacion-de-libro","category-presentacion-de-partituras-editadas"],"acf":[],"yoast_head":"<!-- This site is optimized with the Yoast SEO plugin v25.2 - https:\/\/yoast.com\/wordpress\/plugins\/seo\/ -->\n<title>Se presenta en Historia el libro de canciones de Andr\u00e9s Gaos - Organistrum<\/title>\n<meta name=\"robots\" content=\"index, follow, max-snippet:-1, max-image-preview:large, max-video-preview:-1\" \/>\n<link rel=\"canonical\" href=\"https:\/\/grupo-organistrum.com\/gl\/se-presenta-en-historia-el-libro-de-canciones-de-andres-gaos\/\" \/>\n<meta property=\"og:locale\" content=\"gl_ES\" \/>\n<meta property=\"og:type\" content=\"article\" \/>\n<meta property=\"og:title\" content=\"Se presenta en Historia el libro de canciones de Andr\u00e9s Gaos - Organistrum\" \/>\n<meta property=\"og:description\" content=\"No d\u00eda que se cumpren 60 anos do seu falecemento e enmarcado nas numerosas actividades do Ano Gaos 2019, o grupo de m\u00fasica Organistrum da USC presenta hoxe venres 15 na Facultade de Xeograf\u00eda e Historia o libro &#8220;Canci\u00f3ns para voz e piano de Andr\u00e9s Gaos&#8221;. O acto presentarao \u00e1s 19.30 horas na Aula Andr\u00e9s ... Ler m\u00e1is\" \/>\n<meta property=\"og:url\" content=\"https:\/\/grupo-organistrum.com\/gl\/se-presenta-en-historia-el-libro-de-canciones-de-andres-gaos\/\" \/>\n<meta property=\"og:site_name\" content=\"Organistrum\" \/>\n<meta property=\"article:published_time\" content=\"2019-03-18T15:31:14+00:00\" \/>\n<meta property=\"article:modified_time\" content=\"2022-04-20T13:43:54+00:00\" \/>\n<meta property=\"og:image\" content=\"https:\/\/grupo-organistrum.com\/wp-content\/uploads\/2019\/03\/20190312_122517-1-3.jpg\" \/>\n\t<meta property=\"og:image:width\" content=\"2042\" \/>\n\t<meta property=\"og:image:height\" content=\"2094\" \/>\n\t<meta property=\"og:image:type\" content=\"image\/jpeg\" \/>\n<meta name=\"author\" content=\"admin@GrupoOrganistrum\" \/>\n<meta name=\"twitter:card\" content=\"summary_large_image\" \/>\n<meta name=\"twitter:label1\" content=\"Escrito por\" \/>\n\t<meta name=\"twitter:data1\" content=\"admin@GrupoOrganistrum\" \/>\n\t<meta name=\"twitter:label2\" content=\"Tempo de lectura\" \/>\n\t<meta name=\"twitter:data2\" content=\"3 minutos\" \/>\n<script type=\"application\/ld+json\" class=\"yoast-schema-graph\">{\"@context\":\"https:\/\/schema.org\",\"@graph\":[{\"@type\":\"Article\",\"@id\":\"https:\/\/grupo-organistrum.com\/gl\/se-presenta-en-historia-el-libro-de-canciones-de-andres-gaos\/#article\",\"isPartOf\":{\"@id\":\"https:\/\/grupo-organistrum.com\/gl\/se-presenta-en-historia-el-libro-de-canciones-de-andres-gaos\/\"},\"author\":{\"name\":\"admin@GrupoOrganistrum\",\"@id\":\"https:\/\/grupo-organistrum.com\/gl\/#\/schema\/person\/536bc16c21bf5af9ab7d10c73ea9affc\"},\"headline\":\"Se presenta en Historia el libro de canciones de Andr\u00e9s Gaos\",\"datePublished\":\"2019-03-18T15:31:14+00:00\",\"dateModified\":\"2022-04-20T13:43:54+00:00\",\"mainEntityOfPage\":{\"@id\":\"https:\/\/grupo-organistrum.com\/gl\/se-presenta-en-historia-el-libro-de-canciones-de-andres-gaos\/\"},\"wordCount\":537,\"publisher\":{\"@id\":\"https:\/\/grupo-organistrum.com\/gl\/#organization\"},\"image\":{\"@id\":\"https:\/\/grupo-organistrum.com\/gl\/se-presenta-en-historia-el-libro-de-canciones-de-andres-gaos\/#primaryimage\"},\"thumbnailUrl\":\"https:\/\/grupo-organistrum.com\/wp-content\/uploads\/2019\/03\/20190312_122517-1-3.jpg\",\"articleSection\":[\"Fondo Andr\u00e9s Gaos (USC)\",\"Presentaci\u00f3n de libro\",\"Presentaci\u00f3n de partituras editadas\"],\"inLanguage\":\"gl-ES\"},{\"@type\":\"WebPage\",\"@id\":\"https:\/\/grupo-organistrum.com\/gl\/se-presenta-en-historia-el-libro-de-canciones-de-andres-gaos\/\",\"url\":\"https:\/\/grupo-organistrum.com\/gl\/se-presenta-en-historia-el-libro-de-canciones-de-andres-gaos\/\",\"name\":\"Se presenta en Historia el libro de canciones de Andr\u00e9s Gaos - Organistrum\",\"isPartOf\":{\"@id\":\"https:\/\/grupo-organistrum.com\/gl\/#website\"},\"primaryImageOfPage\":{\"@id\":\"https:\/\/grupo-organistrum.com\/gl\/se-presenta-en-historia-el-libro-de-canciones-de-andres-gaos\/#primaryimage\"},\"image\":{\"@id\":\"https:\/\/grupo-organistrum.com\/gl\/se-presenta-en-historia-el-libro-de-canciones-de-andres-gaos\/#primaryimage\"},\"thumbnailUrl\":\"https:\/\/grupo-organistrum.com\/wp-content\/uploads\/2019\/03\/20190312_122517-1-3.jpg\",\"datePublished\":\"2019-03-18T15:31:14+00:00\",\"dateModified\":\"2022-04-20T13:43:54+00:00\",\"breadcrumb\":{\"@id\":\"https:\/\/grupo-organistrum.com\/gl\/se-presenta-en-historia-el-libro-de-canciones-de-andres-gaos\/#breadcrumb\"},\"inLanguage\":\"gl-ES\",\"potentialAction\":[{\"@type\":\"ReadAction\",\"target\":[\"https:\/\/grupo-organistrum.com\/gl\/se-presenta-en-historia-el-libro-de-canciones-de-andres-gaos\/\"]}]},{\"@type\":\"ImageObject\",\"inLanguage\":\"gl-ES\",\"@id\":\"https:\/\/grupo-organistrum.com\/gl\/se-presenta-en-historia-el-libro-de-canciones-de-andres-gaos\/#primaryimage\",\"url\":\"https:\/\/grupo-organistrum.com\/wp-content\/uploads\/2019\/03\/20190312_122517-1-3.jpg\",\"contentUrl\":\"https:\/\/grupo-organistrum.com\/wp-content\/uploads\/2019\/03\/20190312_122517-1-3.jpg\",\"width\":2042,\"height\":2094},{\"@type\":\"BreadcrumbList\",\"@id\":\"https:\/\/grupo-organistrum.com\/gl\/se-presenta-en-historia-el-libro-de-canciones-de-andres-gaos\/#breadcrumb\",\"itemListElement\":[{\"@type\":\"ListItem\",\"position\":1,\"name\":\"Portada\",\"item\":\"https:\/\/grupo-organistrum.com\/gl\/\"},{\"@type\":\"ListItem\",\"position\":2,\"name\":\"Se presenta en Historia el libro de canciones de Andr\u00e9s Gaos\"}]},{\"@type\":\"WebSite\",\"@id\":\"https:\/\/grupo-organistrum.com\/gl\/#website\",\"url\":\"https:\/\/grupo-organistrum.com\/gl\/\",\"name\":\"Organistrum\",\"description\":\"Grupo de Investigaci\u00f3n\",\"publisher\":{\"@id\":\"https:\/\/grupo-organistrum.com\/gl\/#organization\"},\"potentialAction\":[{\"@type\":\"SearchAction\",\"target\":{\"@type\":\"EntryPoint\",\"urlTemplate\":\"https:\/\/grupo-organistrum.com\/gl\/?s={search_term_string}\"},\"query-input\":{\"@type\":\"PropertyValueSpecification\",\"valueRequired\":true,\"valueName\":\"search_term_string\"}}],\"inLanguage\":\"gl-ES\"},{\"@type\":\"Organization\",\"@id\":\"https:\/\/grupo-organistrum.com\/gl\/#organization\",\"name\":\"Grupo Organistrum | Grupo de investigaci\u00f3n | GI-2025\",\"url\":\"https:\/\/grupo-organistrum.com\/gl\/\",\"logo\":{\"@type\":\"ImageObject\",\"inLanguage\":\"gl-ES\",\"@id\":\"https:\/\/grupo-organistrum.com\/gl\/#\/schema\/logo\/image\/\",\"url\":\"https:\/\/grupo-organistrum.com\/wp-content\/uploads\/2022\/02\/logo.png\",\"contentUrl\":\"https:\/\/grupo-organistrum.com\/wp-content\/uploads\/2022\/02\/logo.png\",\"width\":464,\"height\":103,\"caption\":\"Grupo Organistrum | Grupo de investigaci\u00f3n | GI-2025\"},\"image\":{\"@id\":\"https:\/\/grupo-organistrum.com\/gl\/#\/schema\/logo\/image\/\"}},{\"@type\":\"Person\",\"@id\":\"https:\/\/grupo-organistrum.com\/gl\/#\/schema\/person\/536bc16c21bf5af9ab7d10c73ea9affc\",\"name\":\"admin@GrupoOrganistrum\",\"image\":{\"@type\":\"ImageObject\",\"inLanguage\":\"gl-ES\",\"@id\":\"https:\/\/grupo-organistrum.com\/gl\/#\/schema\/person\/image\/\",\"url\":\"https:\/\/secure.gravatar.com\/avatar\/9a7852d6d4143a23715f3b6c52c7fe4f9082cb5a0c79afd7fe61012ab796a742?s=96&d=mm&r=g\",\"contentUrl\":\"https:\/\/secure.gravatar.com\/avatar\/9a7852d6d4143a23715f3b6c52c7fe4f9082cb5a0c79afd7fe61012ab796a742?s=96&d=mm&r=g\",\"caption\":\"admin@GrupoOrganistrum\"},\"sameAs\":[\"https:\/\/grupo-organistrum.com\"]}]}<\/script>\n<!-- \/ Yoast SEO plugin. -->","yoast_head_json":{"title":"Se presenta en Historia el libro de canciones de Andr\u00e9s Gaos - Organistrum","robots":{"index":"index","follow":"follow","max-snippet":"max-snippet:-1","max-image-preview":"max-image-preview:large","max-video-preview":"max-video-preview:-1"},"canonical":"https:\/\/grupo-organistrum.com\/gl\/se-presenta-en-historia-el-libro-de-canciones-de-andres-gaos\/","og_locale":"gl_ES","og_type":"article","og_title":"Se presenta en Historia el libro de canciones de Andr\u00e9s Gaos - Organistrum","og_description":"No d\u00eda que se cumpren 60 anos do seu falecemento e enmarcado nas numerosas actividades do Ano Gaos 2019, o grupo de m\u00fasica Organistrum da USC presenta hoxe venres 15 na Facultade de Xeograf\u00eda e Historia o libro &#8220;Canci\u00f3ns para voz e piano de Andr\u00e9s Gaos&#8221;. O acto presentarao \u00e1s 19.30 horas na Aula Andr\u00e9s ... Ler m\u00e1is","og_url":"https:\/\/grupo-organistrum.com\/gl\/se-presenta-en-historia-el-libro-de-canciones-de-andres-gaos\/","og_site_name":"Organistrum","article_published_time":"2019-03-18T15:31:14+00:00","article_modified_time":"2022-04-20T13:43:54+00:00","og_image":[{"width":2042,"height":2094,"url":"https:\/\/grupo-organistrum.com\/wp-content\/uploads\/2019\/03\/20190312_122517-1-3.jpg","type":"image\/jpeg"}],"author":"admin@GrupoOrganistrum","twitter_card":"summary_large_image","twitter_misc":{"Escrito por":"admin@GrupoOrganistrum","Tempo de lectura":"3 minutos"},"schema":{"@context":"https:\/\/schema.org","@graph":[{"@type":"Article","@id":"https:\/\/grupo-organistrum.com\/gl\/se-presenta-en-historia-el-libro-de-canciones-de-andres-gaos\/#article","isPartOf":{"@id":"https:\/\/grupo-organistrum.com\/gl\/se-presenta-en-historia-el-libro-de-canciones-de-andres-gaos\/"},"author":{"name":"admin@GrupoOrganistrum","@id":"https:\/\/grupo-organistrum.com\/gl\/#\/schema\/person\/536bc16c21bf5af9ab7d10c73ea9affc"},"headline":"Se presenta en Historia el libro de canciones de Andr\u00e9s Gaos","datePublished":"2019-03-18T15:31:14+00:00","dateModified":"2022-04-20T13:43:54+00:00","mainEntityOfPage":{"@id":"https:\/\/grupo-organistrum.com\/gl\/se-presenta-en-historia-el-libro-de-canciones-de-andres-gaos\/"},"wordCount":537,"publisher":{"@id":"https:\/\/grupo-organistrum.com\/gl\/#organization"},"image":{"@id":"https:\/\/grupo-organistrum.com\/gl\/se-presenta-en-historia-el-libro-de-canciones-de-andres-gaos\/#primaryimage"},"thumbnailUrl":"https:\/\/grupo-organistrum.com\/wp-content\/uploads\/2019\/03\/20190312_122517-1-3.jpg","articleSection":["Fondo Andr\u00e9s Gaos (USC)","Presentaci\u00f3n de libro","Presentaci\u00f3n de partituras editadas"],"inLanguage":"gl-ES"},{"@type":"WebPage","@id":"https:\/\/grupo-organistrum.com\/gl\/se-presenta-en-historia-el-libro-de-canciones-de-andres-gaos\/","url":"https:\/\/grupo-organistrum.com\/gl\/se-presenta-en-historia-el-libro-de-canciones-de-andres-gaos\/","name":"Se presenta en Historia el libro de canciones de Andr\u00e9s Gaos - Organistrum","isPartOf":{"@id":"https:\/\/grupo-organistrum.com\/gl\/#website"},"primaryImageOfPage":{"@id":"https:\/\/grupo-organistrum.com\/gl\/se-presenta-en-historia-el-libro-de-canciones-de-andres-gaos\/#primaryimage"},"image":{"@id":"https:\/\/grupo-organistrum.com\/gl\/se-presenta-en-historia-el-libro-de-canciones-de-andres-gaos\/#primaryimage"},"thumbnailUrl":"https:\/\/grupo-organistrum.com\/wp-content\/uploads\/2019\/03\/20190312_122517-1-3.jpg","datePublished":"2019-03-18T15:31:14+00:00","dateModified":"2022-04-20T13:43:54+00:00","breadcrumb":{"@id":"https:\/\/grupo-organistrum.com\/gl\/se-presenta-en-historia-el-libro-de-canciones-de-andres-gaos\/#breadcrumb"},"inLanguage":"gl-ES","potentialAction":[{"@type":"ReadAction","target":["https:\/\/grupo-organistrum.com\/gl\/se-presenta-en-historia-el-libro-de-canciones-de-andres-gaos\/"]}]},{"@type":"ImageObject","inLanguage":"gl-ES","@id":"https:\/\/grupo-organistrum.com\/gl\/se-presenta-en-historia-el-libro-de-canciones-de-andres-gaos\/#primaryimage","url":"https:\/\/grupo-organistrum.com\/wp-content\/uploads\/2019\/03\/20190312_122517-1-3.jpg","contentUrl":"https:\/\/grupo-organistrum.com\/wp-content\/uploads\/2019\/03\/20190312_122517-1-3.jpg","width":2042,"height":2094},{"@type":"BreadcrumbList","@id":"https:\/\/grupo-organistrum.com\/gl\/se-presenta-en-historia-el-libro-de-canciones-de-andres-gaos\/#breadcrumb","itemListElement":[{"@type":"ListItem","position":1,"name":"Portada","item":"https:\/\/grupo-organistrum.com\/gl\/"},{"@type":"ListItem","position":2,"name":"Se presenta en Historia el libro de canciones de Andr\u00e9s Gaos"}]},{"@type":"WebSite","@id":"https:\/\/grupo-organistrum.com\/gl\/#website","url":"https:\/\/grupo-organistrum.com\/gl\/","name":"Organistrum","description":"Grupo de Investigaci\u00f3n","publisher":{"@id":"https:\/\/grupo-organistrum.com\/gl\/#organization"},"potentialAction":[{"@type":"SearchAction","target":{"@type":"EntryPoint","urlTemplate":"https:\/\/grupo-organistrum.com\/gl\/?s={search_term_string}"},"query-input":{"@type":"PropertyValueSpecification","valueRequired":true,"valueName":"search_term_string"}}],"inLanguage":"gl-ES"},{"@type":"Organization","@id":"https:\/\/grupo-organistrum.com\/gl\/#organization","name":"Grupo Organistrum | Grupo de investigaci\u00f3n | GI-2025","url":"https:\/\/grupo-organistrum.com\/gl\/","logo":{"@type":"ImageObject","inLanguage":"gl-ES","@id":"https:\/\/grupo-organistrum.com\/gl\/#\/schema\/logo\/image\/","url":"https:\/\/grupo-organistrum.com\/wp-content\/uploads\/2022\/02\/logo.png","contentUrl":"https:\/\/grupo-organistrum.com\/wp-content\/uploads\/2022\/02\/logo.png","width":464,"height":103,"caption":"Grupo Organistrum | Grupo de investigaci\u00f3n | GI-2025"},"image":{"@id":"https:\/\/grupo-organistrum.com\/gl\/#\/schema\/logo\/image\/"}},{"@type":"Person","@id":"https:\/\/grupo-organistrum.com\/gl\/#\/schema\/person\/536bc16c21bf5af9ab7d10c73ea9affc","name":"admin@GrupoOrganistrum","image":{"@type":"ImageObject","inLanguage":"gl-ES","@id":"https:\/\/grupo-organistrum.com\/gl\/#\/schema\/person\/image\/","url":"https:\/\/secure.gravatar.com\/avatar\/9a7852d6d4143a23715f3b6c52c7fe4f9082cb5a0c79afd7fe61012ab796a742?s=96&d=mm&r=g","contentUrl":"https:\/\/secure.gravatar.com\/avatar\/9a7852d6d4143a23715f3b6c52c7fe4f9082cb5a0c79afd7fe61012ab796a742?s=96&d=mm&r=g","caption":"admin@GrupoOrganistrum"},"sameAs":["https:\/\/grupo-organistrum.com"]}]}},"_links":{"self":[{"href":"https:\/\/grupo-organistrum.com\/gl\/wp-json\/wp\/v2\/posts\/5233","targetHints":{"allow":["GET"]}}],"collection":[{"href":"https:\/\/grupo-organistrum.com\/gl\/wp-json\/wp\/v2\/posts"}],"about":[{"href":"https:\/\/grupo-organistrum.com\/gl\/wp-json\/wp\/v2\/types\/post"}],"author":[{"embeddable":true,"href":"https:\/\/grupo-organistrum.com\/gl\/wp-json\/wp\/v2\/users\/1"}],"replies":[{"embeddable":true,"href":"https:\/\/grupo-organistrum.com\/gl\/wp-json\/wp\/v2\/comments?post=5233"}],"version-history":[{"count":0,"href":"https:\/\/grupo-organistrum.com\/gl\/wp-json\/wp\/v2\/posts\/5233\/revisions"}],"wp:featuredmedia":[{"embeddable":true,"href":"https:\/\/grupo-organistrum.com\/gl\/wp-json\/wp\/v2\/media\/6416"}],"wp:attachment":[{"href":"https:\/\/grupo-organistrum.com\/gl\/wp-json\/wp\/v2\/media?parent=5233"}],"wp:term":[{"taxonomy":"category","embeddable":true,"href":"https:\/\/grupo-organistrum.com\/gl\/wp-json\/wp\/v2\/categories?post=5233"},{"taxonomy":"post_tag","embeddable":true,"href":"https:\/\/grupo-organistrum.com\/gl\/wp-json\/wp\/v2\/tags?post=5233"}],"curies":[{"name":"wp","href":"https:\/\/api.w.org\/{rel}","templated":true}]}}