{"id":5265,"date":"2017-11-10T09:51:39","date_gmt":"2017-11-10T08:51:39","guid":{"rendered":"https:\/\/grupo-organistrum.com\/conferencias-e-concertos-para-analizar-a-influencia-na-musica-galega-da-emigracion-e-do-exilio-en-america\/"},"modified":"2022-04-20T15:43:55","modified_gmt":"2022-04-20T13:43:55","slug":"conferencias-e-concertos-para-analizar-a-influencia-na-musica-galega-da-emigracion-e-do-exilio-en-america","status":"publish","type":"post","link":"https:\/\/grupo-organistrum.com\/gl\/conferencias-e-concertos-para-analizar-a-influencia-na-musica-galega-da-emigracion-e-do-exilio-en-america\/","title":{"rendered":"Conferencias e concertos para analizar a influencia na m\u00fasica galega da emigraci\u00f3n e do exilio en Am\u00e9rica"},"content":{"rendered":"<div      class=\"vc_row wpb_row section vc_row-fluid \" style=' text-align:left;'>\n<div class=\" full_section_inner clearfix\">\n<div class=\"wpb_column vc_column_container vc_col-sm-12\">\n<div class=\"vc_column-inner \">\n<div class=\"wpb_wrapper\">\n<div class=\"wpb_text_column wpb_content_element \">\n<div class=\"wpb_wrapper\">\n<div class=\"data\">\n<p>O grupo de investigaci\u00f3n Organistrum da USC promove, coa colaboraci\u00f3n da Conseller\u00eda de Cultura e Educaci\u00f3n, o simposio <em>O espello de Galicia en Am\u00e9rica: ideolox\u00eda, emigraci\u00f3n e exilio (1875-1951),<\/em> no que, coa colaboraci\u00f3n de reputados especialistas espa\u00f1ois e americanos, analizarase desde hoxe e ata o 11 de novembro a influencia que tiveron a emigraci\u00f3n e o exilio no \u00faltimo cuarto do s\u00e9culo XIX e primeira metade do s\u00e9culo XX na evoluci\u00f3n da m\u00fasica galega.<\/p>\n<\/div><\/div>\n<\/p><\/div>\n<div class=\"separator  transparent   \" style=\"margin-top: 2px;margin-bottom: 0px;\"><\/div>\n<\/div>\n<\/div>\n<\/div>\n<\/div>\n<\/div>\n<div      class=\"vc_row wpb_row section vc_row-fluid \" style=' text-align:left;'>\n<div class=\" full_section_inner clearfix\">\n<div class=\"wpb_column vc_column_container vc_col-sm-12\">\n<div class=\"vc_column-inner \">\n<div class=\"wpb_wrapper\"><a itemprop=\"url\" href=\"https:\/\/www.xunta.gal\/notas-de-prensa\/-\/nova\/25818\/conferencias-concertos-para-analizar-influencia-emigracion-galega-exilio-america\" target=\"_blank\" class=\"qbutton  center default\" style=\"font-weight: 300; \" rel=\"noopener\">LER A NOVA COMPLETA<\/a><\/div>\n<\/div>\n<\/div>\n<\/div>\n<\/div>\n","protected":false},"excerpt":{"rendered":"<p>O grupo de investigaci\u00f3n Organistrum da USC promove, coa colaboraci\u00f3n da Conseller\u00eda de Cultura e Educaci\u00f3n, o simposio O espello de Galicia en Am\u00e9rica: ideolox\u00eda, emigraci\u00f3n e exilio (1875-1951), no que, coa colaboraci\u00f3n de reputados especialistas espa\u00f1ois e americanos, analizarase desde hoxe e ata o 11 de novembro a influencia que tiveron a emigraci\u00f3n e &#8230; <a title=\"Conferencias e concertos para analizar a influencia na m\u00fasica galega da emigraci\u00f3n e do exilio en Am\u00e9rica\" class=\"read-more\" href=\"https:\/\/grupo-organistrum.com\/gl\/conferencias-e-concertos-para-analizar-a-influencia-na-musica-galega-da-emigracion-e-do-exilio-en-america\/\" aria-label=\"Le m\u00e1is sobre Conferencias e concertos para analizar a influencia na m\u00fasica galega da emigraci\u00f3n e do exilio en Am\u00e9rica\">Ler m\u00e1is<\/a><\/p>\n","protected":false},"author":1,"featured_media":6478,"comment_status":"closed","ping_status":"closed","sticky":false,"template":"","format":"standard","meta":{"_acf_changed":false,"footnotes":""},"categories":[152],"tags":[],"class_list":["post-5265","post","type-post","status-publish","format-standard","has-post-thumbnail","hentry","category-simposio"],"acf":[],"yoast_head":"<!-- This site is optimized with the Yoast SEO plugin v25.2 - https:\/\/yoast.com\/wordpress\/plugins\/seo\/ -->\n<title>Conferencias e concertos para analizar a influencia na m\u00fasica galega da emigraci\u00f3n e do exilio en Am\u00e9rica - Organistrum<\/title>\n<meta name=\"robots\" content=\"index, follow, max-snippet:-1, max-image-preview:large, max-video-preview:-1\" \/>\n<link rel=\"canonical\" href=\"https:\/\/grupo-organistrum.com\/gl\/conferencias-e-concertos-para-analizar-a-influencia-na-musica-galega-da-emigracion-e-do-exilio-en-america\/\" \/>\n<meta property=\"og:locale\" content=\"gl_ES\" \/>\n<meta property=\"og:type\" content=\"article\" \/>\n<meta property=\"og:title\" content=\"Conferencias e concertos para analizar a influencia na m\u00fasica galega da emigraci\u00f3n e do exilio en Am\u00e9rica - Organistrum\" \/>\n<meta property=\"og:description\" content=\"O grupo de investigaci\u00f3n Organistrum da USC promove, coa colaboraci\u00f3n da Conseller\u00eda de Cultura e Educaci\u00f3n, o simposio O espello de Galicia en Am\u00e9rica: ideolox\u00eda, emigraci\u00f3n e exilio (1875-1951), no que, coa colaboraci\u00f3n de reputados especialistas espa\u00f1ois e americanos, analizarase desde hoxe e ata o 11 de novembro a influencia que tiveron a emigraci\u00f3n e ... Ler m\u00e1is\" \/>\n<meta property=\"og:url\" content=\"https:\/\/grupo-organistrum.com\/gl\/conferencias-e-concertos-para-analizar-a-influencia-na-musica-galega-da-emigracion-e-do-exilio-en-america\/\" \/>\n<meta property=\"og:site_name\" content=\"Organistrum\" \/>\n<meta property=\"article:published_time\" content=\"2017-11-10T08:51:39+00:00\" \/>\n<meta property=\"article:modified_time\" content=\"2022-04-20T13:43:55+00:00\" \/>\n<meta property=\"og:image\" content=\"https:\/\/grupo-organistrum.com\/wp-content\/uploads\/2017\/11\/20171111_210551-1-scaled.jpg\" \/>\n\t<meta property=\"og:image:width\" content=\"2560\" \/>\n\t<meta property=\"og:image:height\" content=\"1440\" \/>\n\t<meta property=\"og:image:type\" content=\"image\/jpeg\" \/>\n<meta name=\"author\" content=\"admin@GrupoOrganistrum\" \/>\n<meta name=\"twitter:card\" content=\"summary_large_image\" \/>\n<meta name=\"twitter:label1\" content=\"Escrito por\" \/>\n\t<meta name=\"twitter:data1\" content=\"admin@GrupoOrganistrum\" \/>\n<script type=\"application\/ld+json\" class=\"yoast-schema-graph\">{\"@context\":\"https:\/\/schema.org\",\"@graph\":[{\"@type\":\"Article\",\"@id\":\"https:\/\/grupo-organistrum.com\/gl\/conferencias-e-concertos-para-analizar-a-influencia-na-musica-galega-da-emigracion-e-do-exilio-en-america\/#article\",\"isPartOf\":{\"@id\":\"https:\/\/grupo-organistrum.com\/gl\/conferencias-e-concertos-para-analizar-a-influencia-na-musica-galega-da-emigracion-e-do-exilio-en-america\/\"},\"author\":{\"name\":\"admin@GrupoOrganistrum\",\"@id\":\"https:\/\/grupo-organistrum.com\/gl\/#\/schema\/person\/536bc16c21bf5af9ab7d10c73ea9affc\"},\"headline\":\"Conferencias e concertos para analizar a influencia na m\u00fasica galega da emigraci\u00f3n e do exilio en Am\u00e9rica\",\"datePublished\":\"2017-11-10T08:51:39+00:00\",\"dateModified\":\"2022-04-20T13:43:55+00:00\",\"mainEntityOfPage\":{\"@id\":\"https:\/\/grupo-organistrum.com\/gl\/conferencias-e-concertos-para-analizar-a-influencia-na-musica-galega-da-emigracion-e-do-exilio-en-america\/\"},\"wordCount\":111,\"publisher\":{\"@id\":\"https:\/\/grupo-organistrum.com\/gl\/#organization\"},\"image\":{\"@id\":\"https:\/\/grupo-organistrum.com\/gl\/conferencias-e-concertos-para-analizar-a-influencia-na-musica-galega-da-emigracion-e-do-exilio-en-america\/#primaryimage\"},\"thumbnailUrl\":\"https:\/\/grupo-organistrum.com\/wp-content\/uploads\/2017\/11\/20171111_210551-1-scaled.jpg\",\"articleSection\":[\"Simposio\"],\"inLanguage\":\"gl-ES\"},{\"@type\":\"WebPage\",\"@id\":\"https:\/\/grupo-organistrum.com\/gl\/conferencias-e-concertos-para-analizar-a-influencia-na-musica-galega-da-emigracion-e-do-exilio-en-america\/\",\"url\":\"https:\/\/grupo-organistrum.com\/gl\/conferencias-e-concertos-para-analizar-a-influencia-na-musica-galega-da-emigracion-e-do-exilio-en-america\/\",\"name\":\"Conferencias e concertos para analizar a influencia na m\u00fasica galega da emigraci\u00f3n e do exilio en Am\u00e9rica - Organistrum\",\"isPartOf\":{\"@id\":\"https:\/\/grupo-organistrum.com\/gl\/#website\"},\"primaryImageOfPage\":{\"@id\":\"https:\/\/grupo-organistrum.com\/gl\/conferencias-e-concertos-para-analizar-a-influencia-na-musica-galega-da-emigracion-e-do-exilio-en-america\/#primaryimage\"},\"image\":{\"@id\":\"https:\/\/grupo-organistrum.com\/gl\/conferencias-e-concertos-para-analizar-a-influencia-na-musica-galega-da-emigracion-e-do-exilio-en-america\/#primaryimage\"},\"thumbnailUrl\":\"https:\/\/grupo-organistrum.com\/wp-content\/uploads\/2017\/11\/20171111_210551-1-scaled.jpg\",\"datePublished\":\"2017-11-10T08:51:39+00:00\",\"dateModified\":\"2022-04-20T13:43:55+00:00\",\"breadcrumb\":{\"@id\":\"https:\/\/grupo-organistrum.com\/gl\/conferencias-e-concertos-para-analizar-a-influencia-na-musica-galega-da-emigracion-e-do-exilio-en-america\/#breadcrumb\"},\"inLanguage\":\"gl-ES\",\"potentialAction\":[{\"@type\":\"ReadAction\",\"target\":[\"https:\/\/grupo-organistrum.com\/gl\/conferencias-e-concertos-para-analizar-a-influencia-na-musica-galega-da-emigracion-e-do-exilio-en-america\/\"]}]},{\"@type\":\"ImageObject\",\"inLanguage\":\"gl-ES\",\"@id\":\"https:\/\/grupo-organistrum.com\/gl\/conferencias-e-concertos-para-analizar-a-influencia-na-musica-galega-da-emigracion-e-do-exilio-en-america\/#primaryimage\",\"url\":\"https:\/\/grupo-organistrum.com\/wp-content\/uploads\/2017\/11\/20171111_210551-1-scaled.jpg\",\"contentUrl\":\"https:\/\/grupo-organistrum.com\/wp-content\/uploads\/2017\/11\/20171111_210551-1-scaled.jpg\",\"width\":2560,\"height\":1440},{\"@type\":\"BreadcrumbList\",\"@id\":\"https:\/\/grupo-organistrum.com\/gl\/conferencias-e-concertos-para-analizar-a-influencia-na-musica-galega-da-emigracion-e-do-exilio-en-america\/#breadcrumb\",\"itemListElement\":[{\"@type\":\"ListItem\",\"position\":1,\"name\":\"Portada\",\"item\":\"https:\/\/grupo-organistrum.com\/gl\/\"},{\"@type\":\"ListItem\",\"position\":2,\"name\":\"Conferencias e concertos para analizar a influencia na m\u00fasica galega da emigraci\u00f3n e do exilio en Am\u00e9rica\"}]},{\"@type\":\"WebSite\",\"@id\":\"https:\/\/grupo-organistrum.com\/gl\/#website\",\"url\":\"https:\/\/grupo-organistrum.com\/gl\/\",\"name\":\"Organistrum\",\"description\":\"Grupo de Investigaci\u00f3n\",\"publisher\":{\"@id\":\"https:\/\/grupo-organistrum.com\/gl\/#organization\"},\"potentialAction\":[{\"@type\":\"SearchAction\",\"target\":{\"@type\":\"EntryPoint\",\"urlTemplate\":\"https:\/\/grupo-organistrum.com\/gl\/?s={search_term_string}\"},\"query-input\":{\"@type\":\"PropertyValueSpecification\",\"valueRequired\":true,\"valueName\":\"search_term_string\"}}],\"inLanguage\":\"gl-ES\"},{\"@type\":\"Organization\",\"@id\":\"https:\/\/grupo-organistrum.com\/gl\/#organization\",\"name\":\"Grupo Organistrum | Grupo de investigaci\u00f3n | GI-2025\",\"url\":\"https:\/\/grupo-organistrum.com\/gl\/\",\"logo\":{\"@type\":\"ImageObject\",\"inLanguage\":\"gl-ES\",\"@id\":\"https:\/\/grupo-organistrum.com\/gl\/#\/schema\/logo\/image\/\",\"url\":\"https:\/\/grupo-organistrum.com\/wp-content\/uploads\/2022\/02\/logo.png\",\"contentUrl\":\"https:\/\/grupo-organistrum.com\/wp-content\/uploads\/2022\/02\/logo.png\",\"width\":464,\"height\":103,\"caption\":\"Grupo Organistrum | Grupo de investigaci\u00f3n | GI-2025\"},\"image\":{\"@id\":\"https:\/\/grupo-organistrum.com\/gl\/#\/schema\/logo\/image\/\"}},{\"@type\":\"Person\",\"@id\":\"https:\/\/grupo-organistrum.com\/gl\/#\/schema\/person\/536bc16c21bf5af9ab7d10c73ea9affc\",\"name\":\"admin@GrupoOrganistrum\",\"image\":{\"@type\":\"ImageObject\",\"inLanguage\":\"gl-ES\",\"@id\":\"https:\/\/grupo-organistrum.com\/gl\/#\/schema\/person\/image\/\",\"url\":\"https:\/\/secure.gravatar.com\/avatar\/9a7852d6d4143a23715f3b6c52c7fe4f9082cb5a0c79afd7fe61012ab796a742?s=96&d=mm&r=g\",\"contentUrl\":\"https:\/\/secure.gravatar.com\/avatar\/9a7852d6d4143a23715f3b6c52c7fe4f9082cb5a0c79afd7fe61012ab796a742?s=96&d=mm&r=g\",\"caption\":\"admin@GrupoOrganistrum\"},\"sameAs\":[\"https:\/\/grupo-organistrum.com\"]}]}<\/script>\n<!-- \/ Yoast SEO plugin. -->","yoast_head_json":{"title":"Conferencias e concertos para analizar a influencia na m\u00fasica galega da emigraci\u00f3n e do exilio en Am\u00e9rica - Organistrum","robots":{"index":"index","follow":"follow","max-snippet":"max-snippet:-1","max-image-preview":"max-image-preview:large","max-video-preview":"max-video-preview:-1"},"canonical":"https:\/\/grupo-organistrum.com\/gl\/conferencias-e-concertos-para-analizar-a-influencia-na-musica-galega-da-emigracion-e-do-exilio-en-america\/","og_locale":"gl_ES","og_type":"article","og_title":"Conferencias e concertos para analizar a influencia na m\u00fasica galega da emigraci\u00f3n e do exilio en Am\u00e9rica - Organistrum","og_description":"O grupo de investigaci\u00f3n Organistrum da USC promove, coa colaboraci\u00f3n da Conseller\u00eda de Cultura e Educaci\u00f3n, o simposio O espello de Galicia en Am\u00e9rica: ideolox\u00eda, emigraci\u00f3n e exilio (1875-1951), no que, coa colaboraci\u00f3n de reputados especialistas espa\u00f1ois e americanos, analizarase desde hoxe e ata o 11 de novembro a influencia que tiveron a emigraci\u00f3n e ... Ler m\u00e1is","og_url":"https:\/\/grupo-organistrum.com\/gl\/conferencias-e-concertos-para-analizar-a-influencia-na-musica-galega-da-emigracion-e-do-exilio-en-america\/","og_site_name":"Organistrum","article_published_time":"2017-11-10T08:51:39+00:00","article_modified_time":"2022-04-20T13:43:55+00:00","og_image":[{"width":2560,"height":1440,"url":"https:\/\/grupo-organistrum.com\/wp-content\/uploads\/2017\/11\/20171111_210551-1-scaled.jpg","type":"image\/jpeg"}],"author":"admin@GrupoOrganistrum","twitter_card":"summary_large_image","twitter_misc":{"Escrito por":"admin@GrupoOrganistrum"},"schema":{"@context":"https:\/\/schema.org","@graph":[{"@type":"Article","@id":"https:\/\/grupo-organistrum.com\/gl\/conferencias-e-concertos-para-analizar-a-influencia-na-musica-galega-da-emigracion-e-do-exilio-en-america\/#article","isPartOf":{"@id":"https:\/\/grupo-organistrum.com\/gl\/conferencias-e-concertos-para-analizar-a-influencia-na-musica-galega-da-emigracion-e-do-exilio-en-america\/"},"author":{"name":"admin@GrupoOrganistrum","@id":"https:\/\/grupo-organistrum.com\/gl\/#\/schema\/person\/536bc16c21bf5af9ab7d10c73ea9affc"},"headline":"Conferencias e concertos para analizar a influencia na m\u00fasica galega da emigraci\u00f3n e do exilio en Am\u00e9rica","datePublished":"2017-11-10T08:51:39+00:00","dateModified":"2022-04-20T13:43:55+00:00","mainEntityOfPage":{"@id":"https:\/\/grupo-organistrum.com\/gl\/conferencias-e-concertos-para-analizar-a-influencia-na-musica-galega-da-emigracion-e-do-exilio-en-america\/"},"wordCount":111,"publisher":{"@id":"https:\/\/grupo-organistrum.com\/gl\/#organization"},"image":{"@id":"https:\/\/grupo-organistrum.com\/gl\/conferencias-e-concertos-para-analizar-a-influencia-na-musica-galega-da-emigracion-e-do-exilio-en-america\/#primaryimage"},"thumbnailUrl":"https:\/\/grupo-organistrum.com\/wp-content\/uploads\/2017\/11\/20171111_210551-1-scaled.jpg","articleSection":["Simposio"],"inLanguage":"gl-ES"},{"@type":"WebPage","@id":"https:\/\/grupo-organistrum.com\/gl\/conferencias-e-concertos-para-analizar-a-influencia-na-musica-galega-da-emigracion-e-do-exilio-en-america\/","url":"https:\/\/grupo-organistrum.com\/gl\/conferencias-e-concertos-para-analizar-a-influencia-na-musica-galega-da-emigracion-e-do-exilio-en-america\/","name":"Conferencias e concertos para analizar a influencia na m\u00fasica galega da emigraci\u00f3n e do exilio en Am\u00e9rica - Organistrum","isPartOf":{"@id":"https:\/\/grupo-organistrum.com\/gl\/#website"},"primaryImageOfPage":{"@id":"https:\/\/grupo-organistrum.com\/gl\/conferencias-e-concertos-para-analizar-a-influencia-na-musica-galega-da-emigracion-e-do-exilio-en-america\/#primaryimage"},"image":{"@id":"https:\/\/grupo-organistrum.com\/gl\/conferencias-e-concertos-para-analizar-a-influencia-na-musica-galega-da-emigracion-e-do-exilio-en-america\/#primaryimage"},"thumbnailUrl":"https:\/\/grupo-organistrum.com\/wp-content\/uploads\/2017\/11\/20171111_210551-1-scaled.jpg","datePublished":"2017-11-10T08:51:39+00:00","dateModified":"2022-04-20T13:43:55+00:00","breadcrumb":{"@id":"https:\/\/grupo-organistrum.com\/gl\/conferencias-e-concertos-para-analizar-a-influencia-na-musica-galega-da-emigracion-e-do-exilio-en-america\/#breadcrumb"},"inLanguage":"gl-ES","potentialAction":[{"@type":"ReadAction","target":["https:\/\/grupo-organistrum.com\/gl\/conferencias-e-concertos-para-analizar-a-influencia-na-musica-galega-da-emigracion-e-do-exilio-en-america\/"]}]},{"@type":"ImageObject","inLanguage":"gl-ES","@id":"https:\/\/grupo-organistrum.com\/gl\/conferencias-e-concertos-para-analizar-a-influencia-na-musica-galega-da-emigracion-e-do-exilio-en-america\/#primaryimage","url":"https:\/\/grupo-organistrum.com\/wp-content\/uploads\/2017\/11\/20171111_210551-1-scaled.jpg","contentUrl":"https:\/\/grupo-organistrum.com\/wp-content\/uploads\/2017\/11\/20171111_210551-1-scaled.jpg","width":2560,"height":1440},{"@type":"BreadcrumbList","@id":"https:\/\/grupo-organistrum.com\/gl\/conferencias-e-concertos-para-analizar-a-influencia-na-musica-galega-da-emigracion-e-do-exilio-en-america\/#breadcrumb","itemListElement":[{"@type":"ListItem","position":1,"name":"Portada","item":"https:\/\/grupo-organistrum.com\/gl\/"},{"@type":"ListItem","position":2,"name":"Conferencias e concertos para analizar a influencia na m\u00fasica galega da emigraci\u00f3n e do exilio en Am\u00e9rica"}]},{"@type":"WebSite","@id":"https:\/\/grupo-organistrum.com\/gl\/#website","url":"https:\/\/grupo-organistrum.com\/gl\/","name":"Organistrum","description":"Grupo de Investigaci\u00f3n","publisher":{"@id":"https:\/\/grupo-organistrum.com\/gl\/#organization"},"potentialAction":[{"@type":"SearchAction","target":{"@type":"EntryPoint","urlTemplate":"https:\/\/grupo-organistrum.com\/gl\/?s={search_term_string}"},"query-input":{"@type":"PropertyValueSpecification","valueRequired":true,"valueName":"search_term_string"}}],"inLanguage":"gl-ES"},{"@type":"Organization","@id":"https:\/\/grupo-organistrum.com\/gl\/#organization","name":"Grupo Organistrum | Grupo de investigaci\u00f3n | GI-2025","url":"https:\/\/grupo-organistrum.com\/gl\/","logo":{"@type":"ImageObject","inLanguage":"gl-ES","@id":"https:\/\/grupo-organistrum.com\/gl\/#\/schema\/logo\/image\/","url":"https:\/\/grupo-organistrum.com\/wp-content\/uploads\/2022\/02\/logo.png","contentUrl":"https:\/\/grupo-organistrum.com\/wp-content\/uploads\/2022\/02\/logo.png","width":464,"height":103,"caption":"Grupo Organistrum | Grupo de investigaci\u00f3n | GI-2025"},"image":{"@id":"https:\/\/grupo-organistrum.com\/gl\/#\/schema\/logo\/image\/"}},{"@type":"Person","@id":"https:\/\/grupo-organistrum.com\/gl\/#\/schema\/person\/536bc16c21bf5af9ab7d10c73ea9affc","name":"admin@GrupoOrganistrum","image":{"@type":"ImageObject","inLanguage":"gl-ES","@id":"https:\/\/grupo-organistrum.com\/gl\/#\/schema\/person\/image\/","url":"https:\/\/secure.gravatar.com\/avatar\/9a7852d6d4143a23715f3b6c52c7fe4f9082cb5a0c79afd7fe61012ab796a742?s=96&d=mm&r=g","contentUrl":"https:\/\/secure.gravatar.com\/avatar\/9a7852d6d4143a23715f3b6c52c7fe4f9082cb5a0c79afd7fe61012ab796a742?s=96&d=mm&r=g","caption":"admin@GrupoOrganistrum"},"sameAs":["https:\/\/grupo-organistrum.com"]}]}},"_links":{"self":[{"href":"https:\/\/grupo-organistrum.com\/gl\/wp-json\/wp\/v2\/posts\/5265","targetHints":{"allow":["GET"]}}],"collection":[{"href":"https:\/\/grupo-organistrum.com\/gl\/wp-json\/wp\/v2\/posts"}],"about":[{"href":"https:\/\/grupo-organistrum.com\/gl\/wp-json\/wp\/v2\/types\/post"}],"author":[{"embeddable":true,"href":"https:\/\/grupo-organistrum.com\/gl\/wp-json\/wp\/v2\/users\/1"}],"replies":[{"embeddable":true,"href":"https:\/\/grupo-organistrum.com\/gl\/wp-json\/wp\/v2\/comments?post=5265"}],"version-history":[{"count":0,"href":"https:\/\/grupo-organistrum.com\/gl\/wp-json\/wp\/v2\/posts\/5265\/revisions"}],"wp:featuredmedia":[{"embeddable":true,"href":"https:\/\/grupo-organistrum.com\/gl\/wp-json\/wp\/v2\/media\/6478"}],"wp:attachment":[{"href":"https:\/\/grupo-organistrum.com\/gl\/wp-json\/wp\/v2\/media?parent=5265"}],"wp:term":[{"taxonomy":"category","embeddable":true,"href":"https:\/\/grupo-organistrum.com\/gl\/wp-json\/wp\/v2\/categories?post=5265"},{"taxonomy":"post_tag","embeddable":true,"href":"https:\/\/grupo-organistrum.com\/gl\/wp-json\/wp\/v2\/tags?post=5265"}],"curies":[{"name":"wp","href":"https:\/\/api.w.org\/{rel}","templated":true}]}}