{"id":5270,"date":"2017-10-02T13:02:37","date_gmt":"2017-10-02T11:02:37","guid":{"rendered":"https:\/\/grupo-organistrum.com\/presentacion-do-fondo-andres-gaos-da-usc-17-10-2017-20h\/"},"modified":"2022-04-20T15:43:56","modified_gmt":"2022-04-20T13:43:56","slug":"presentacion-do-fondo-andres-gaos-da-usc-17-10-2017-20h","status":"publish","type":"post","link":"https:\/\/grupo-organistrum.com\/gl\/presentacion-do-fondo-andres-gaos-da-usc-17-10-2017-20h\/","title":{"rendered":"Presentaci\u00f3n do Fondo Andr\u00e9s Gaos da USC (17\/10\/2017, 20h)"},"content":{"rendered":"<div      class=\"vc_row wpb_row section vc_row-fluid \" style=' text-align:left;'>\n<div class=\" full_section_inner clearfix\">\n<div class=\"wpb_column vc_column_container vc_col-sm-12\">\n<div class=\"vc_column-inner \">\n<div class=\"wpb_wrapper\">\n<div class=\"wpb_text_column wpb_content_element \">\n<div class=\"wpb_wrapper\">\n<p><strong>Importancia do fondo Andr\u00e9s Gaos, doaz\u00f3n \u00e1 Universidade de Santiago de Compostela<\/strong><\/p>\n<p>Andr\u00e9s Gaos Guilloch\u00f3n, fillo do famoso compositor e violinista coru\u00f1\u00e9s, Andr\u00e9s Gaos Berea (1874-1959), acaba de realizar a donaci\u00f3n de todos os documentos que conservaba do seu pai, as\u00ed como de dous violins, \u00e1 Universidade de Santiago de Compostela. O Fondo, que se achaba en Arxentina, pa\u00eds no que Gaos pasou a maior parte da s\u00faa vida, est\u00e1 constitu\u00eddo por toda a documentaci\u00f3n que o propio compositor, e a s\u00faa esposa e fillo despois, foron recompilando, creando unha colecci\u00f3n do m\u00e1ximo interese. Nel cons\u00e9rvanse boa parte das 70 obras que compuxo (moitas delas en manuscrito e algunhas a\u00ednda sen estrear), a correspondencia mantida con m\u00e1is de 20 corresponsales (alg\u00fans tan importantes como Tom\u00e1s Bret\u00f3n ou Paul Casals) un n\u00famero importante de fotograf\u00edas (s\u00f3, co seu cuarteto, dirixindo, ou \u00e1 beira de compositores como Saint-S\u00e4ens), recortes de prensa sobre cr\u00edticas a Gaos realizadas en 34 cidades distintas, varios discos gravados polo propio compositor tocando o piano e documentaci\u00f3n varia. De especial relevancia son os dous violines doados co fondo (un deles de finais do s\u00e9culo XVIII e outro de 1928) e que coa s\u00faa chegada a Galicia ve\u00f1en completar os dous que actualmente cust\u00f3dianse na cidade da Coru\u00f1a. Por conseguinte, unha donaci\u00f3n de primeira orde que v\u00e9n dar t\u00e9rmino ao desexo de Andr\u00e9s Gaos de que o seu fondo, conserv\u00e1sese definitivamente en Galicia.<\/p>\n<p>&nbsp;<\/p>\n<p><strong>PRESENTACI\u00d3N DO FONDO ANDR\u00c9S GAOS<\/strong><\/p>\n<p><strong>Paraninfo\u00a0da\u00a0Universidade de Santiago de Compostela<\/strong><\/p>\n<p><strong>Martes, 17 de outubro, \u00e1s 20 horas<\/strong><\/p>\n<p>&nbsp;<\/p>\n<p><strong>Programa do acto<\/strong><\/p>\n<p>Preside o acto o reitor Magn\u00edfico da USC, D. Juan M. Via\u00f1o Rey<\/p>\n<p>Intervenci\u00f3n de D\u00aa Montserrat Capel\u00e1n Fern\u00e1ndez, profesora do Departamento de Historia da Arte da USC y de D\u00aa Mabela Casal Reyes, directora da Biblioteca Xeral de la USC.<\/p>\n<p>&nbsp;<\/p>\n<p><strong>\u00a0<\/strong><strong>Programa del concerto<\/strong><\/p>\n<p>Andr\u00e9s Gaos Berea<\/p>\n<p><em>Allegro con br\u00edo (<\/em>da <em>Sonata Op. 37)<\/em><\/p>\n<p><em>Habanera Op. 19<\/em><\/p>\n<p><strong>Florian Vlashi<\/strong> (viol\u00edn) e\u00a0<strong>Julio Mourenza<\/strong> (piano)<\/p>\n<\/p><\/div>\n<\/p><\/div>\n<div class=\"separator  transparent   \" style=\"margin-top: 2px;margin-bottom: 0px;\"><\/div>\n<\/div>\n<\/div>\n<\/div>\n<\/div>\n<\/div>\n<div      class=\"vc_row wpb_row section vc_row-fluid \" style=' text-align:left;'>\n<div class=\" full_section_inner clearfix\">\n<div class=\"wpb_column vc_column_container vc_col-sm-12\">\n<div class=\"vc_column-inner \">\n<div class=\"wpb_wrapper\"><a itemprop=\"url\" href=\"https:\/\/grupo-organistrum.com\/wp-content\/uploads\/2017\/10\/Presentaci\u00f3n-fondo-Gaos.pdf\" target=\"_blank\" class=\"qbutton  center default\" style=\"font-weight: 300; \" rel=\"noopener\">DESCARGAR O PROGRAMA<\/a><\/div>\n<\/div>\n<\/div>\n<\/div>\n<\/div>\n","protected":false},"excerpt":{"rendered":"<p>Importancia do fondo Andr\u00e9s Gaos, doaz\u00f3n \u00e1 Universidade de Santiago de Compostela Andr\u00e9s Gaos Guilloch\u00f3n, fillo do famoso compositor e violinista coru\u00f1\u00e9s, Andr\u00e9s Gaos Berea (1874-1959), acaba de realizar a donaci\u00f3n de todos os documentos que conservaba do seu pai, as\u00ed como de dous violins, \u00e1 Universidade de Santiago de Compostela. O Fondo, que se &#8230; <a title=\"Presentaci\u00f3n do Fondo Andr\u00e9s Gaos da USC (17\/10\/2017, 20h)\" class=\"read-more\" href=\"https:\/\/grupo-organistrum.com\/gl\/presentacion-do-fondo-andres-gaos-da-usc-17-10-2017-20h\/\" aria-label=\"Le m\u00e1is sobre Presentaci\u00f3n do Fondo Andr\u00e9s Gaos da USC (17\/10\/2017, 20h)\">Ler m\u00e1is<\/a><\/p>\n","protected":false},"author":1,"featured_media":6488,"comment_status":"closed","ping_status":"closed","sticky":false,"template":"","format":"standard","meta":{"_acf_changed":false,"footnotes":""},"categories":[159,154],"tags":[],"class_list":["post-5270","post","type-post","status-publish","format-standard","has-post-thumbnail","hentry","category-concerto-conferencia","category-fondo-andres-gaos-usc"],"acf":[],"yoast_head":"<!-- This site is optimized with the Yoast SEO plugin v25.2 - https:\/\/yoast.com\/wordpress\/plugins\/seo\/ -->\n<title>Presentaci\u00f3n do Fondo Andr\u00e9s Gaos da USC (17\/10\/2017, 20h) - Organistrum<\/title>\n<meta name=\"robots\" content=\"index, follow, max-snippet:-1, max-image-preview:large, max-video-preview:-1\" \/>\n<link rel=\"canonical\" href=\"https:\/\/grupo-organistrum.com\/gl\/presentacion-do-fondo-andres-gaos-da-usc-17-10-2017-20h\/\" \/>\n<meta property=\"og:locale\" content=\"gl_ES\" \/>\n<meta property=\"og:type\" content=\"article\" \/>\n<meta property=\"og:title\" content=\"Presentaci\u00f3n do Fondo Andr\u00e9s Gaos da USC (17\/10\/2017, 20h) - Organistrum\" \/>\n<meta property=\"og:description\" content=\"Importancia do fondo Andr\u00e9s Gaos, doaz\u00f3n \u00e1 Universidade de Santiago de Compostela Andr\u00e9s Gaos Guilloch\u00f3n, fillo do famoso compositor e violinista coru\u00f1\u00e9s, Andr\u00e9s Gaos Berea (1874-1959), acaba de realizar a donaci\u00f3n de todos os documentos que conservaba do seu pai, as\u00ed como de dous violins, \u00e1 Universidade de Santiago de Compostela. O Fondo, que se ... Ler m\u00e1is\" \/>\n<meta property=\"og:url\" content=\"https:\/\/grupo-organistrum.com\/gl\/presentacion-do-fondo-andres-gaos-da-usc-17-10-2017-20h\/\" \/>\n<meta property=\"og:site_name\" content=\"Organistrum\" \/>\n<meta property=\"article:published_time\" content=\"2017-10-02T11:02:37+00:00\" \/>\n<meta property=\"article:modified_time\" content=\"2022-04-20T13:43:56+00:00\" \/>\n<meta property=\"og:image\" content=\"https:\/\/grupo-organistrum.com\/wp-content\/uploads\/2017\/10\/Andres-Gaos-1.jpg\" \/>\n\t<meta property=\"og:image:width\" content=\"1675\" \/>\n\t<meta property=\"og:image:height\" content=\"2248\" \/>\n\t<meta property=\"og:image:type\" content=\"image\/jpeg\" \/>\n<meta name=\"author\" content=\"admin@GrupoOrganistrum\" \/>\n<meta name=\"twitter:card\" content=\"summary_large_image\" \/>\n<meta name=\"twitter:label1\" content=\"Escrito por\" \/>\n\t<meta name=\"twitter:data1\" content=\"admin@GrupoOrganistrum\" \/>\n\t<meta name=\"twitter:label2\" content=\"Tempo de lectura\" \/>\n\t<meta name=\"twitter:data2\" content=\"2 minutos\" \/>\n<script type=\"application\/ld+json\" class=\"yoast-schema-graph\">{\"@context\":\"https:\/\/schema.org\",\"@graph\":[{\"@type\":\"Article\",\"@id\":\"https:\/\/grupo-organistrum.com\/gl\/presentacion-do-fondo-andres-gaos-da-usc-17-10-2017-20h\/#article\",\"isPartOf\":{\"@id\":\"https:\/\/grupo-organistrum.com\/gl\/presentacion-do-fondo-andres-gaos-da-usc-17-10-2017-20h\/\"},\"author\":{\"name\":\"admin@GrupoOrganistrum\",\"@id\":\"https:\/\/grupo-organistrum.com\/gl\/#\/schema\/person\/536bc16c21bf5af9ab7d10c73ea9affc\"},\"headline\":\"Presentaci\u00f3n do Fondo Andr\u00e9s Gaos da USC (17\/10\/2017, 20h)\",\"datePublished\":\"2017-10-02T11:02:37+00:00\",\"dateModified\":\"2022-04-20T13:43:56+00:00\",\"mainEntityOfPage\":{\"@id\":\"https:\/\/grupo-organistrum.com\/gl\/presentacion-do-fondo-andres-gaos-da-usc-17-10-2017-20h\/\"},\"wordCount\":370,\"publisher\":{\"@id\":\"https:\/\/grupo-organistrum.com\/gl\/#organization\"},\"image\":{\"@id\":\"https:\/\/grupo-organistrum.com\/gl\/presentacion-do-fondo-andres-gaos-da-usc-17-10-2017-20h\/#primaryimage\"},\"thumbnailUrl\":\"https:\/\/grupo-organistrum.com\/wp-content\/uploads\/2017\/10\/Andres-Gaos-1.jpg\",\"articleSection\":[\"Concerto \/ Conferencia\",\"Fondo Andr\u00e9s Gaos (USC)\"],\"inLanguage\":\"gl-ES\"},{\"@type\":\"WebPage\",\"@id\":\"https:\/\/grupo-organistrum.com\/gl\/presentacion-do-fondo-andres-gaos-da-usc-17-10-2017-20h\/\",\"url\":\"https:\/\/grupo-organistrum.com\/gl\/presentacion-do-fondo-andres-gaos-da-usc-17-10-2017-20h\/\",\"name\":\"Presentaci\u00f3n do Fondo Andr\u00e9s Gaos da USC (17\/10\/2017, 20h) - Organistrum\",\"isPartOf\":{\"@id\":\"https:\/\/grupo-organistrum.com\/gl\/#website\"},\"primaryImageOfPage\":{\"@id\":\"https:\/\/grupo-organistrum.com\/gl\/presentacion-do-fondo-andres-gaos-da-usc-17-10-2017-20h\/#primaryimage\"},\"image\":{\"@id\":\"https:\/\/grupo-organistrum.com\/gl\/presentacion-do-fondo-andres-gaos-da-usc-17-10-2017-20h\/#primaryimage\"},\"thumbnailUrl\":\"https:\/\/grupo-organistrum.com\/wp-content\/uploads\/2017\/10\/Andres-Gaos-1.jpg\",\"datePublished\":\"2017-10-02T11:02:37+00:00\",\"dateModified\":\"2022-04-20T13:43:56+00:00\",\"breadcrumb\":{\"@id\":\"https:\/\/grupo-organistrum.com\/gl\/presentacion-do-fondo-andres-gaos-da-usc-17-10-2017-20h\/#breadcrumb\"},\"inLanguage\":\"gl-ES\",\"potentialAction\":[{\"@type\":\"ReadAction\",\"target\":[\"https:\/\/grupo-organistrum.com\/gl\/presentacion-do-fondo-andres-gaos-da-usc-17-10-2017-20h\/\"]}]},{\"@type\":\"ImageObject\",\"inLanguage\":\"gl-ES\",\"@id\":\"https:\/\/grupo-organistrum.com\/gl\/presentacion-do-fondo-andres-gaos-da-usc-17-10-2017-20h\/#primaryimage\",\"url\":\"https:\/\/grupo-organistrum.com\/wp-content\/uploads\/2017\/10\/Andres-Gaos-1.jpg\",\"contentUrl\":\"https:\/\/grupo-organistrum.com\/wp-content\/uploads\/2017\/10\/Andres-Gaos-1.jpg\",\"width\":1675,\"height\":2248},{\"@type\":\"BreadcrumbList\",\"@id\":\"https:\/\/grupo-organistrum.com\/gl\/presentacion-do-fondo-andres-gaos-da-usc-17-10-2017-20h\/#breadcrumb\",\"itemListElement\":[{\"@type\":\"ListItem\",\"position\":1,\"name\":\"Portada\",\"item\":\"https:\/\/grupo-organistrum.com\/gl\/\"},{\"@type\":\"ListItem\",\"position\":2,\"name\":\"Presentaci\u00f3n do Fondo Andr\u00e9s Gaos da USC (17\/10\/2017, 20h)\"}]},{\"@type\":\"WebSite\",\"@id\":\"https:\/\/grupo-organistrum.com\/gl\/#website\",\"url\":\"https:\/\/grupo-organistrum.com\/gl\/\",\"name\":\"Organistrum\",\"description\":\"Grupo de Investigaci\u00f3n\",\"publisher\":{\"@id\":\"https:\/\/grupo-organistrum.com\/gl\/#organization\"},\"potentialAction\":[{\"@type\":\"SearchAction\",\"target\":{\"@type\":\"EntryPoint\",\"urlTemplate\":\"https:\/\/grupo-organistrum.com\/gl\/?s={search_term_string}\"},\"query-input\":{\"@type\":\"PropertyValueSpecification\",\"valueRequired\":true,\"valueName\":\"search_term_string\"}}],\"inLanguage\":\"gl-ES\"},{\"@type\":\"Organization\",\"@id\":\"https:\/\/grupo-organistrum.com\/gl\/#organization\",\"name\":\"Grupo Organistrum | Grupo de investigaci\u00f3n | GI-2025\",\"url\":\"https:\/\/grupo-organistrum.com\/gl\/\",\"logo\":{\"@type\":\"ImageObject\",\"inLanguage\":\"gl-ES\",\"@id\":\"https:\/\/grupo-organistrum.com\/gl\/#\/schema\/logo\/image\/\",\"url\":\"https:\/\/grupo-organistrum.com\/wp-content\/uploads\/2022\/02\/logo.png\",\"contentUrl\":\"https:\/\/grupo-organistrum.com\/wp-content\/uploads\/2022\/02\/logo.png\",\"width\":464,\"height\":103,\"caption\":\"Grupo Organistrum | Grupo de investigaci\u00f3n | GI-2025\"},\"image\":{\"@id\":\"https:\/\/grupo-organistrum.com\/gl\/#\/schema\/logo\/image\/\"}},{\"@type\":\"Person\",\"@id\":\"https:\/\/grupo-organistrum.com\/gl\/#\/schema\/person\/536bc16c21bf5af9ab7d10c73ea9affc\",\"name\":\"admin@GrupoOrganistrum\",\"image\":{\"@type\":\"ImageObject\",\"inLanguage\":\"gl-ES\",\"@id\":\"https:\/\/grupo-organistrum.com\/gl\/#\/schema\/person\/image\/\",\"url\":\"https:\/\/secure.gravatar.com\/avatar\/9a7852d6d4143a23715f3b6c52c7fe4f9082cb5a0c79afd7fe61012ab796a742?s=96&d=mm&r=g\",\"contentUrl\":\"https:\/\/secure.gravatar.com\/avatar\/9a7852d6d4143a23715f3b6c52c7fe4f9082cb5a0c79afd7fe61012ab796a742?s=96&d=mm&r=g\",\"caption\":\"admin@GrupoOrganistrum\"},\"sameAs\":[\"https:\/\/grupo-organistrum.com\"]}]}<\/script>\n<!-- \/ Yoast SEO plugin. -->","yoast_head_json":{"title":"Presentaci\u00f3n do Fondo Andr\u00e9s Gaos da USC (17\/10\/2017, 20h) - Organistrum","robots":{"index":"index","follow":"follow","max-snippet":"max-snippet:-1","max-image-preview":"max-image-preview:large","max-video-preview":"max-video-preview:-1"},"canonical":"https:\/\/grupo-organistrum.com\/gl\/presentacion-do-fondo-andres-gaos-da-usc-17-10-2017-20h\/","og_locale":"gl_ES","og_type":"article","og_title":"Presentaci\u00f3n do Fondo Andr\u00e9s Gaos da USC (17\/10\/2017, 20h) - Organistrum","og_description":"Importancia do fondo Andr\u00e9s Gaos, doaz\u00f3n \u00e1 Universidade de Santiago de Compostela Andr\u00e9s Gaos Guilloch\u00f3n, fillo do famoso compositor e violinista coru\u00f1\u00e9s, Andr\u00e9s Gaos Berea (1874-1959), acaba de realizar a donaci\u00f3n de todos os documentos que conservaba do seu pai, as\u00ed como de dous violins, \u00e1 Universidade de Santiago de Compostela. O Fondo, que se ... Ler m\u00e1is","og_url":"https:\/\/grupo-organistrum.com\/gl\/presentacion-do-fondo-andres-gaos-da-usc-17-10-2017-20h\/","og_site_name":"Organistrum","article_published_time":"2017-10-02T11:02:37+00:00","article_modified_time":"2022-04-20T13:43:56+00:00","og_image":[{"width":1675,"height":2248,"url":"https:\/\/grupo-organistrum.com\/wp-content\/uploads\/2017\/10\/Andres-Gaos-1.jpg","type":"image\/jpeg"}],"author":"admin@GrupoOrganistrum","twitter_card":"summary_large_image","twitter_misc":{"Escrito por":"admin@GrupoOrganistrum","Tempo de lectura":"2 minutos"},"schema":{"@context":"https:\/\/schema.org","@graph":[{"@type":"Article","@id":"https:\/\/grupo-organistrum.com\/gl\/presentacion-do-fondo-andres-gaos-da-usc-17-10-2017-20h\/#article","isPartOf":{"@id":"https:\/\/grupo-organistrum.com\/gl\/presentacion-do-fondo-andres-gaos-da-usc-17-10-2017-20h\/"},"author":{"name":"admin@GrupoOrganistrum","@id":"https:\/\/grupo-organistrum.com\/gl\/#\/schema\/person\/536bc16c21bf5af9ab7d10c73ea9affc"},"headline":"Presentaci\u00f3n do Fondo Andr\u00e9s Gaos da USC (17\/10\/2017, 20h)","datePublished":"2017-10-02T11:02:37+00:00","dateModified":"2022-04-20T13:43:56+00:00","mainEntityOfPage":{"@id":"https:\/\/grupo-organistrum.com\/gl\/presentacion-do-fondo-andres-gaos-da-usc-17-10-2017-20h\/"},"wordCount":370,"publisher":{"@id":"https:\/\/grupo-organistrum.com\/gl\/#organization"},"image":{"@id":"https:\/\/grupo-organistrum.com\/gl\/presentacion-do-fondo-andres-gaos-da-usc-17-10-2017-20h\/#primaryimage"},"thumbnailUrl":"https:\/\/grupo-organistrum.com\/wp-content\/uploads\/2017\/10\/Andres-Gaos-1.jpg","articleSection":["Concerto \/ Conferencia","Fondo Andr\u00e9s Gaos (USC)"],"inLanguage":"gl-ES"},{"@type":"WebPage","@id":"https:\/\/grupo-organistrum.com\/gl\/presentacion-do-fondo-andres-gaos-da-usc-17-10-2017-20h\/","url":"https:\/\/grupo-organistrum.com\/gl\/presentacion-do-fondo-andres-gaos-da-usc-17-10-2017-20h\/","name":"Presentaci\u00f3n do Fondo Andr\u00e9s Gaos da USC (17\/10\/2017, 20h) - Organistrum","isPartOf":{"@id":"https:\/\/grupo-organistrum.com\/gl\/#website"},"primaryImageOfPage":{"@id":"https:\/\/grupo-organistrum.com\/gl\/presentacion-do-fondo-andres-gaos-da-usc-17-10-2017-20h\/#primaryimage"},"image":{"@id":"https:\/\/grupo-organistrum.com\/gl\/presentacion-do-fondo-andres-gaos-da-usc-17-10-2017-20h\/#primaryimage"},"thumbnailUrl":"https:\/\/grupo-organistrum.com\/wp-content\/uploads\/2017\/10\/Andres-Gaos-1.jpg","datePublished":"2017-10-02T11:02:37+00:00","dateModified":"2022-04-20T13:43:56+00:00","breadcrumb":{"@id":"https:\/\/grupo-organistrum.com\/gl\/presentacion-do-fondo-andres-gaos-da-usc-17-10-2017-20h\/#breadcrumb"},"inLanguage":"gl-ES","potentialAction":[{"@type":"ReadAction","target":["https:\/\/grupo-organistrum.com\/gl\/presentacion-do-fondo-andres-gaos-da-usc-17-10-2017-20h\/"]}]},{"@type":"ImageObject","inLanguage":"gl-ES","@id":"https:\/\/grupo-organistrum.com\/gl\/presentacion-do-fondo-andres-gaos-da-usc-17-10-2017-20h\/#primaryimage","url":"https:\/\/grupo-organistrum.com\/wp-content\/uploads\/2017\/10\/Andres-Gaos-1.jpg","contentUrl":"https:\/\/grupo-organistrum.com\/wp-content\/uploads\/2017\/10\/Andres-Gaos-1.jpg","width":1675,"height":2248},{"@type":"BreadcrumbList","@id":"https:\/\/grupo-organistrum.com\/gl\/presentacion-do-fondo-andres-gaos-da-usc-17-10-2017-20h\/#breadcrumb","itemListElement":[{"@type":"ListItem","position":1,"name":"Portada","item":"https:\/\/grupo-organistrum.com\/gl\/"},{"@type":"ListItem","position":2,"name":"Presentaci\u00f3n do Fondo Andr\u00e9s Gaos da USC (17\/10\/2017, 20h)"}]},{"@type":"WebSite","@id":"https:\/\/grupo-organistrum.com\/gl\/#website","url":"https:\/\/grupo-organistrum.com\/gl\/","name":"Organistrum","description":"Grupo de Investigaci\u00f3n","publisher":{"@id":"https:\/\/grupo-organistrum.com\/gl\/#organization"},"potentialAction":[{"@type":"SearchAction","target":{"@type":"EntryPoint","urlTemplate":"https:\/\/grupo-organistrum.com\/gl\/?s={search_term_string}"},"query-input":{"@type":"PropertyValueSpecification","valueRequired":true,"valueName":"search_term_string"}}],"inLanguage":"gl-ES"},{"@type":"Organization","@id":"https:\/\/grupo-organistrum.com\/gl\/#organization","name":"Grupo Organistrum | Grupo de investigaci\u00f3n | GI-2025","url":"https:\/\/grupo-organistrum.com\/gl\/","logo":{"@type":"ImageObject","inLanguage":"gl-ES","@id":"https:\/\/grupo-organistrum.com\/gl\/#\/schema\/logo\/image\/","url":"https:\/\/grupo-organistrum.com\/wp-content\/uploads\/2022\/02\/logo.png","contentUrl":"https:\/\/grupo-organistrum.com\/wp-content\/uploads\/2022\/02\/logo.png","width":464,"height":103,"caption":"Grupo Organistrum | Grupo de investigaci\u00f3n | GI-2025"},"image":{"@id":"https:\/\/grupo-organistrum.com\/gl\/#\/schema\/logo\/image\/"}},{"@type":"Person","@id":"https:\/\/grupo-organistrum.com\/gl\/#\/schema\/person\/536bc16c21bf5af9ab7d10c73ea9affc","name":"admin@GrupoOrganistrum","image":{"@type":"ImageObject","inLanguage":"gl-ES","@id":"https:\/\/grupo-organistrum.com\/gl\/#\/schema\/person\/image\/","url":"https:\/\/secure.gravatar.com\/avatar\/9a7852d6d4143a23715f3b6c52c7fe4f9082cb5a0c79afd7fe61012ab796a742?s=96&d=mm&r=g","contentUrl":"https:\/\/secure.gravatar.com\/avatar\/9a7852d6d4143a23715f3b6c52c7fe4f9082cb5a0c79afd7fe61012ab796a742?s=96&d=mm&r=g","caption":"admin@GrupoOrganistrum"},"sameAs":["https:\/\/grupo-organistrum.com"]}]}},"_links":{"self":[{"href":"https:\/\/grupo-organistrum.com\/gl\/wp-json\/wp\/v2\/posts\/5270","targetHints":{"allow":["GET"]}}],"collection":[{"href":"https:\/\/grupo-organistrum.com\/gl\/wp-json\/wp\/v2\/posts"}],"about":[{"href":"https:\/\/grupo-organistrum.com\/gl\/wp-json\/wp\/v2\/types\/post"}],"author":[{"embeddable":true,"href":"https:\/\/grupo-organistrum.com\/gl\/wp-json\/wp\/v2\/users\/1"}],"replies":[{"embeddable":true,"href":"https:\/\/grupo-organistrum.com\/gl\/wp-json\/wp\/v2\/comments?post=5270"}],"version-history":[{"count":0,"href":"https:\/\/grupo-organistrum.com\/gl\/wp-json\/wp\/v2\/posts\/5270\/revisions"}],"wp:featuredmedia":[{"embeddable":true,"href":"https:\/\/grupo-organistrum.com\/gl\/wp-json\/wp\/v2\/media\/6488"}],"wp:attachment":[{"href":"https:\/\/grupo-organistrum.com\/gl\/wp-json\/wp\/v2\/media?parent=5270"}],"wp:term":[{"taxonomy":"category","embeddable":true,"href":"https:\/\/grupo-organistrum.com\/gl\/wp-json\/wp\/v2\/categories?post=5270"},{"taxonomy":"post_tag","embeddable":true,"href":"https:\/\/grupo-organistrum.com\/gl\/wp-json\/wp\/v2\/tags?post=5270"}],"curies":[{"name":"wp","href":"https:\/\/api.w.org\/{rel}","templated":true}]}}