{"id":5272,"date":"2017-09-13T14:06:01","date_gmt":"2017-09-13T12:06:01","guid":{"rendered":"https:\/\/grupo-organistrum.com\/monografico-de-fanny-garrido-en-radio-galega-coa-participacion-de-laura-tourinan\/"},"modified":"2017-09-13T14:06:01","modified_gmt":"2017-09-13T12:06:01","slug":"monografico-de-fanny-garrido-en-radio-galega-coa-participacion-de-laura-tourinan","status":"publish","type":"post","link":"https:\/\/grupo-organistrum.com\/gl\/monografico-de-fanny-garrido-en-radio-galega-coa-participacion-de-laura-tourinan\/","title":{"rendered":"Monogr\u00e1fico de Fanny Garrido en Radio Galega coa participaci\u00f3n de Laura Touri\u00f1\u00e1n"},"content":{"rendered":"<div      class=\"vc_row wpb_row section vc_row-fluid \" style=' text-align:left;'>\n<div class=\" full_section_inner clearfix\">\n<div class=\"wpb_column vc_column_container vc_col-sm-12\">\n<div class=\"vc_column-inner \">\n<div class=\"wpb_wrapper\">\n<div class=\"wpb_text_column wpb_content_element \">\n<div class=\"wpb_wrapper\">\n<p>Programa monogr\u00e1fico con motivo do centenario do pasamento da escritora galega Fanny Garrido, emitido no Diario Cultural de Radio Galega o luns 11 de setembro de 2017 e no que participou Laura Touri\u00f1\u00e1n en calidade de investigadora entrevistada<\/p>\n<\/p><\/div>\n<\/p><\/div>\n<div class=\"separator  transparent   \" style=\"margin-top: 2px;margin-bottom: 0px;\"><\/div>\n<\/div>\n<\/div>\n<\/div>\n<\/div>\n<\/div>\n<div      class=\"vc_row wpb_row section vc_row-fluid \" style=' text-align:left;'>\n<div class=\" full_section_inner clearfix\">\n<div class=\"wpb_column vc_column_container vc_col-sm-12\">\n<div class=\"vc_column-inner \">\n<div class=\"wpb_wrapper\">\n<div class=\"wpb_text_column wpb_content_element \">\n<div class=\"wpb_wrapper\">\n<p><a href=\"http:\/\/www.crtvg.es\/rg\/destacados\/diario-cultural-diario-cultural-do-dia-11-09-2017-3296406\" target=\"_blank\" rel=\"noopener noreferrer\">ESCOITAR A ENTREVISTA<\/a><\/p>\n<\/p><\/div>\n<\/p><\/div>\n<\/p><\/div>\n<\/div>\n<\/div>\n<\/div>\n<\/div>\n","protected":false},"excerpt":{"rendered":"<p>Programa monogr\u00e1fico con motivo do centenario do pasamento da escritora galega Fanny Garrido, emitido no Diario Cultural de Radio Galega o luns 11 de setembro de 2017 e no que participou Laura Touri\u00f1\u00e1n en calidade de investigadora entrevistada ESCOITAR A ENTREVISTA<\/p>\n","protected":false},"author":1,"featured_media":6133,"comment_status":"closed","ping_status":"closed","sticky":false,"template":"","format":"standard","meta":{"_acf_changed":false,"footnotes":""},"categories":[159],"tags":[],"class_list":["post-5272","post","type-post","status-publish","format-standard","has-post-thumbnail","hentry","category-concerto-conferencia"],"acf":[],"yoast_head":"<!-- This site is optimized with the Yoast SEO plugin v25.2 - https:\/\/yoast.com\/wordpress\/plugins\/seo\/ -->\n<title>Monogr\u00e1fico de Fanny Garrido en Radio Galega coa participaci\u00f3n de Laura Touri\u00f1\u00e1n - Organistrum<\/title>\n<meta name=\"robots\" content=\"index, follow, max-snippet:-1, max-image-preview:large, max-video-preview:-1\" \/>\n<link rel=\"canonical\" href=\"https:\/\/grupo-organistrum.com\/gl\/monografico-de-fanny-garrido-en-radio-galega-coa-participacion-de-laura-tourinan\/\" \/>\n<meta property=\"og:locale\" content=\"gl_ES\" \/>\n<meta property=\"og:type\" content=\"article\" \/>\n<meta property=\"og:title\" content=\"Monogr\u00e1fico de Fanny Garrido en Radio Galega coa participaci\u00f3n de Laura Touri\u00f1\u00e1n - Organistrum\" \/>\n<meta property=\"og:description\" content=\"Programa monogr\u00e1fico con motivo do centenario do pasamento da escritora galega Fanny Garrido, emitido no Diario Cultural de Radio Galega o luns 11 de setembro de 2017 e no que participou Laura Touri\u00f1\u00e1n en calidade de investigadora entrevistada ESCOITAR A ENTREVISTA\" \/>\n<meta property=\"og:url\" content=\"https:\/\/grupo-organistrum.com\/gl\/monografico-de-fanny-garrido-en-radio-galega-coa-participacion-de-laura-tourinan\/\" \/>\n<meta property=\"og:site_name\" content=\"Organistrum\" \/>\n<meta property=\"article:published_time\" content=\"2017-09-13T12:06:01+00:00\" \/>\n<meta property=\"og:image\" content=\"https:\/\/grupo-organistrum.com\/wp-content\/uploads\/2017\/09\/FS_06_123_01-recortada.jpg\" \/>\n\t<meta property=\"og:image:width\" content=\"345\" \/>\n\t<meta property=\"og:image:height\" content=\"190\" \/>\n\t<meta property=\"og:image:type\" content=\"image\/jpeg\" \/>\n<meta name=\"author\" content=\"admin@GrupoOrganistrum\" \/>\n<meta name=\"twitter:card\" content=\"summary_large_image\" \/>\n<meta name=\"twitter:label1\" content=\"Escrito por\" \/>\n\t<meta name=\"twitter:data1\" content=\"admin@GrupoOrganistrum\" \/>\n<script type=\"application\/ld+json\" class=\"yoast-schema-graph\">{\"@context\":\"https:\/\/schema.org\",\"@graph\":[{\"@type\":\"Article\",\"@id\":\"https:\/\/grupo-organistrum.com\/gl\/monografico-de-fanny-garrido-en-radio-galega-coa-participacion-de-laura-tourinan\/#article\",\"isPartOf\":{\"@id\":\"https:\/\/grupo-organistrum.com\/gl\/monografico-de-fanny-garrido-en-radio-galega-coa-participacion-de-laura-tourinan\/\"},\"author\":{\"name\":\"admin@GrupoOrganistrum\",\"@id\":\"https:\/\/grupo-organistrum.com\/gl\/#\/schema\/person\/536bc16c21bf5af9ab7d10c73ea9affc\"},\"headline\":\"Monogr\u00e1fico de Fanny Garrido en Radio Galega coa participaci\u00f3n de Laura Touri\u00f1\u00e1n\",\"datePublished\":\"2017-09-13T12:06:01+00:00\",\"mainEntityOfPage\":{\"@id\":\"https:\/\/grupo-organistrum.com\/gl\/monografico-de-fanny-garrido-en-radio-galega-coa-participacion-de-laura-tourinan\/\"},\"wordCount\":56,\"publisher\":{\"@id\":\"https:\/\/grupo-organistrum.com\/gl\/#organization\"},\"image\":{\"@id\":\"https:\/\/grupo-organistrum.com\/gl\/monografico-de-fanny-garrido-en-radio-galega-coa-participacion-de-laura-tourinan\/#primaryimage\"},\"thumbnailUrl\":\"https:\/\/grupo-organistrum.com\/wp-content\/uploads\/2017\/09\/FS_06_123_01-recortada.jpg\",\"articleSection\":[\"Concerto \/ Conferencia\"],\"inLanguage\":\"gl-ES\"},{\"@type\":\"WebPage\",\"@id\":\"https:\/\/grupo-organistrum.com\/gl\/monografico-de-fanny-garrido-en-radio-galega-coa-participacion-de-laura-tourinan\/\",\"url\":\"https:\/\/grupo-organistrum.com\/gl\/monografico-de-fanny-garrido-en-radio-galega-coa-participacion-de-laura-tourinan\/\",\"name\":\"Monogr\u00e1fico de Fanny Garrido en Radio Galega coa participaci\u00f3n de Laura Touri\u00f1\u00e1n - Organistrum\",\"isPartOf\":{\"@id\":\"https:\/\/grupo-organistrum.com\/gl\/#website\"},\"primaryImageOfPage\":{\"@id\":\"https:\/\/grupo-organistrum.com\/gl\/monografico-de-fanny-garrido-en-radio-galega-coa-participacion-de-laura-tourinan\/#primaryimage\"},\"image\":{\"@id\":\"https:\/\/grupo-organistrum.com\/gl\/monografico-de-fanny-garrido-en-radio-galega-coa-participacion-de-laura-tourinan\/#primaryimage\"},\"thumbnailUrl\":\"https:\/\/grupo-organistrum.com\/wp-content\/uploads\/2017\/09\/FS_06_123_01-recortada.jpg\",\"datePublished\":\"2017-09-13T12:06:01+00:00\",\"breadcrumb\":{\"@id\":\"https:\/\/grupo-organistrum.com\/gl\/monografico-de-fanny-garrido-en-radio-galega-coa-participacion-de-laura-tourinan\/#breadcrumb\"},\"inLanguage\":\"gl-ES\",\"potentialAction\":[{\"@type\":\"ReadAction\",\"target\":[\"https:\/\/grupo-organistrum.com\/gl\/monografico-de-fanny-garrido-en-radio-galega-coa-participacion-de-laura-tourinan\/\"]}]},{\"@type\":\"ImageObject\",\"inLanguage\":\"gl-ES\",\"@id\":\"https:\/\/grupo-organistrum.com\/gl\/monografico-de-fanny-garrido-en-radio-galega-coa-participacion-de-laura-tourinan\/#primaryimage\",\"url\":\"https:\/\/grupo-organistrum.com\/wp-content\/uploads\/2017\/09\/FS_06_123_01-recortada.jpg\",\"contentUrl\":\"https:\/\/grupo-organistrum.com\/wp-content\/uploads\/2017\/09\/FS_06_123_01-recortada.jpg\",\"width\":345,\"height\":190},{\"@type\":\"BreadcrumbList\",\"@id\":\"https:\/\/grupo-organistrum.com\/gl\/monografico-de-fanny-garrido-en-radio-galega-coa-participacion-de-laura-tourinan\/#breadcrumb\",\"itemListElement\":[{\"@type\":\"ListItem\",\"position\":1,\"name\":\"Portada\",\"item\":\"https:\/\/grupo-organistrum.com\/gl\/\"},{\"@type\":\"ListItem\",\"position\":2,\"name\":\"Monogr\u00e1fico de Fanny Garrido en Radio Galega coa participaci\u00f3n de Laura Touri\u00f1\u00e1n\"}]},{\"@type\":\"WebSite\",\"@id\":\"https:\/\/grupo-organistrum.com\/gl\/#website\",\"url\":\"https:\/\/grupo-organistrum.com\/gl\/\",\"name\":\"Organistrum\",\"description\":\"Grupo de Investigaci\u00f3n\",\"publisher\":{\"@id\":\"https:\/\/grupo-organistrum.com\/gl\/#organization\"},\"potentialAction\":[{\"@type\":\"SearchAction\",\"target\":{\"@type\":\"EntryPoint\",\"urlTemplate\":\"https:\/\/grupo-organistrum.com\/gl\/?s={search_term_string}\"},\"query-input\":{\"@type\":\"PropertyValueSpecification\",\"valueRequired\":true,\"valueName\":\"search_term_string\"}}],\"inLanguage\":\"gl-ES\"},{\"@type\":\"Organization\",\"@id\":\"https:\/\/grupo-organistrum.com\/gl\/#organization\",\"name\":\"Grupo Organistrum | Grupo de investigaci\u00f3n | GI-2025\",\"url\":\"https:\/\/grupo-organistrum.com\/gl\/\",\"logo\":{\"@type\":\"ImageObject\",\"inLanguage\":\"gl-ES\",\"@id\":\"https:\/\/grupo-organistrum.com\/gl\/#\/schema\/logo\/image\/\",\"url\":\"https:\/\/grupo-organistrum.com\/wp-content\/uploads\/2022\/02\/logo.png\",\"contentUrl\":\"https:\/\/grupo-organistrum.com\/wp-content\/uploads\/2022\/02\/logo.png\",\"width\":464,\"height\":103,\"caption\":\"Grupo Organistrum | Grupo de investigaci\u00f3n | GI-2025\"},\"image\":{\"@id\":\"https:\/\/grupo-organistrum.com\/gl\/#\/schema\/logo\/image\/\"}},{\"@type\":\"Person\",\"@id\":\"https:\/\/grupo-organistrum.com\/gl\/#\/schema\/person\/536bc16c21bf5af9ab7d10c73ea9affc\",\"name\":\"admin@GrupoOrganistrum\",\"image\":{\"@type\":\"ImageObject\",\"inLanguage\":\"gl-ES\",\"@id\":\"https:\/\/grupo-organistrum.com\/gl\/#\/schema\/person\/image\/\",\"url\":\"https:\/\/secure.gravatar.com\/avatar\/9a7852d6d4143a23715f3b6c52c7fe4f9082cb5a0c79afd7fe61012ab796a742?s=96&d=mm&r=g\",\"contentUrl\":\"https:\/\/secure.gravatar.com\/avatar\/9a7852d6d4143a23715f3b6c52c7fe4f9082cb5a0c79afd7fe61012ab796a742?s=96&d=mm&r=g\",\"caption\":\"admin@GrupoOrganistrum\"},\"sameAs\":[\"https:\/\/grupo-organistrum.com\"]}]}<\/script>\n<!-- \/ Yoast SEO plugin. -->","yoast_head_json":{"title":"Monogr\u00e1fico de Fanny Garrido en Radio Galega coa participaci\u00f3n de Laura Touri\u00f1\u00e1n - Organistrum","robots":{"index":"index","follow":"follow","max-snippet":"max-snippet:-1","max-image-preview":"max-image-preview:large","max-video-preview":"max-video-preview:-1"},"canonical":"https:\/\/grupo-organistrum.com\/gl\/monografico-de-fanny-garrido-en-radio-galega-coa-participacion-de-laura-tourinan\/","og_locale":"gl_ES","og_type":"article","og_title":"Monogr\u00e1fico de Fanny Garrido en Radio Galega coa participaci\u00f3n de Laura Touri\u00f1\u00e1n - Organistrum","og_description":"Programa monogr\u00e1fico con motivo do centenario do pasamento da escritora galega Fanny Garrido, emitido no Diario Cultural de Radio Galega o luns 11 de setembro de 2017 e no que participou Laura Touri\u00f1\u00e1n en calidade de investigadora entrevistada ESCOITAR A ENTREVISTA","og_url":"https:\/\/grupo-organistrum.com\/gl\/monografico-de-fanny-garrido-en-radio-galega-coa-participacion-de-laura-tourinan\/","og_site_name":"Organistrum","article_published_time":"2017-09-13T12:06:01+00:00","og_image":[{"width":345,"height":190,"url":"https:\/\/grupo-organistrum.com\/wp-content\/uploads\/2017\/09\/FS_06_123_01-recortada.jpg","type":"image\/jpeg"}],"author":"admin@GrupoOrganistrum","twitter_card":"summary_large_image","twitter_misc":{"Escrito por":"admin@GrupoOrganistrum"},"schema":{"@context":"https:\/\/schema.org","@graph":[{"@type":"Article","@id":"https:\/\/grupo-organistrum.com\/gl\/monografico-de-fanny-garrido-en-radio-galega-coa-participacion-de-laura-tourinan\/#article","isPartOf":{"@id":"https:\/\/grupo-organistrum.com\/gl\/monografico-de-fanny-garrido-en-radio-galega-coa-participacion-de-laura-tourinan\/"},"author":{"name":"admin@GrupoOrganistrum","@id":"https:\/\/grupo-organistrum.com\/gl\/#\/schema\/person\/536bc16c21bf5af9ab7d10c73ea9affc"},"headline":"Monogr\u00e1fico de Fanny Garrido en Radio Galega coa participaci\u00f3n de Laura Touri\u00f1\u00e1n","datePublished":"2017-09-13T12:06:01+00:00","mainEntityOfPage":{"@id":"https:\/\/grupo-organistrum.com\/gl\/monografico-de-fanny-garrido-en-radio-galega-coa-participacion-de-laura-tourinan\/"},"wordCount":56,"publisher":{"@id":"https:\/\/grupo-organistrum.com\/gl\/#organization"},"image":{"@id":"https:\/\/grupo-organistrum.com\/gl\/monografico-de-fanny-garrido-en-radio-galega-coa-participacion-de-laura-tourinan\/#primaryimage"},"thumbnailUrl":"https:\/\/grupo-organistrum.com\/wp-content\/uploads\/2017\/09\/FS_06_123_01-recortada.jpg","articleSection":["Concerto \/ Conferencia"],"inLanguage":"gl-ES"},{"@type":"WebPage","@id":"https:\/\/grupo-organistrum.com\/gl\/monografico-de-fanny-garrido-en-radio-galega-coa-participacion-de-laura-tourinan\/","url":"https:\/\/grupo-organistrum.com\/gl\/monografico-de-fanny-garrido-en-radio-galega-coa-participacion-de-laura-tourinan\/","name":"Monogr\u00e1fico de Fanny Garrido en Radio Galega coa participaci\u00f3n de Laura Touri\u00f1\u00e1n - Organistrum","isPartOf":{"@id":"https:\/\/grupo-organistrum.com\/gl\/#website"},"primaryImageOfPage":{"@id":"https:\/\/grupo-organistrum.com\/gl\/monografico-de-fanny-garrido-en-radio-galega-coa-participacion-de-laura-tourinan\/#primaryimage"},"image":{"@id":"https:\/\/grupo-organistrum.com\/gl\/monografico-de-fanny-garrido-en-radio-galega-coa-participacion-de-laura-tourinan\/#primaryimage"},"thumbnailUrl":"https:\/\/grupo-organistrum.com\/wp-content\/uploads\/2017\/09\/FS_06_123_01-recortada.jpg","datePublished":"2017-09-13T12:06:01+00:00","breadcrumb":{"@id":"https:\/\/grupo-organistrum.com\/gl\/monografico-de-fanny-garrido-en-radio-galega-coa-participacion-de-laura-tourinan\/#breadcrumb"},"inLanguage":"gl-ES","potentialAction":[{"@type":"ReadAction","target":["https:\/\/grupo-organistrum.com\/gl\/monografico-de-fanny-garrido-en-radio-galega-coa-participacion-de-laura-tourinan\/"]}]},{"@type":"ImageObject","inLanguage":"gl-ES","@id":"https:\/\/grupo-organistrum.com\/gl\/monografico-de-fanny-garrido-en-radio-galega-coa-participacion-de-laura-tourinan\/#primaryimage","url":"https:\/\/grupo-organistrum.com\/wp-content\/uploads\/2017\/09\/FS_06_123_01-recortada.jpg","contentUrl":"https:\/\/grupo-organistrum.com\/wp-content\/uploads\/2017\/09\/FS_06_123_01-recortada.jpg","width":345,"height":190},{"@type":"BreadcrumbList","@id":"https:\/\/grupo-organistrum.com\/gl\/monografico-de-fanny-garrido-en-radio-galega-coa-participacion-de-laura-tourinan\/#breadcrumb","itemListElement":[{"@type":"ListItem","position":1,"name":"Portada","item":"https:\/\/grupo-organistrum.com\/gl\/"},{"@type":"ListItem","position":2,"name":"Monogr\u00e1fico de Fanny Garrido en Radio Galega coa participaci\u00f3n de Laura Touri\u00f1\u00e1n"}]},{"@type":"WebSite","@id":"https:\/\/grupo-organistrum.com\/gl\/#website","url":"https:\/\/grupo-organistrum.com\/gl\/","name":"Organistrum","description":"Grupo de Investigaci\u00f3n","publisher":{"@id":"https:\/\/grupo-organistrum.com\/gl\/#organization"},"potentialAction":[{"@type":"SearchAction","target":{"@type":"EntryPoint","urlTemplate":"https:\/\/grupo-organistrum.com\/gl\/?s={search_term_string}"},"query-input":{"@type":"PropertyValueSpecification","valueRequired":true,"valueName":"search_term_string"}}],"inLanguage":"gl-ES"},{"@type":"Organization","@id":"https:\/\/grupo-organistrum.com\/gl\/#organization","name":"Grupo Organistrum | Grupo de investigaci\u00f3n | GI-2025","url":"https:\/\/grupo-organistrum.com\/gl\/","logo":{"@type":"ImageObject","inLanguage":"gl-ES","@id":"https:\/\/grupo-organistrum.com\/gl\/#\/schema\/logo\/image\/","url":"https:\/\/grupo-organistrum.com\/wp-content\/uploads\/2022\/02\/logo.png","contentUrl":"https:\/\/grupo-organistrum.com\/wp-content\/uploads\/2022\/02\/logo.png","width":464,"height":103,"caption":"Grupo Organistrum | Grupo de investigaci\u00f3n | GI-2025"},"image":{"@id":"https:\/\/grupo-organistrum.com\/gl\/#\/schema\/logo\/image\/"}},{"@type":"Person","@id":"https:\/\/grupo-organistrum.com\/gl\/#\/schema\/person\/536bc16c21bf5af9ab7d10c73ea9affc","name":"admin@GrupoOrganistrum","image":{"@type":"ImageObject","inLanguage":"gl-ES","@id":"https:\/\/grupo-organistrum.com\/gl\/#\/schema\/person\/image\/","url":"https:\/\/secure.gravatar.com\/avatar\/9a7852d6d4143a23715f3b6c52c7fe4f9082cb5a0c79afd7fe61012ab796a742?s=96&d=mm&r=g","contentUrl":"https:\/\/secure.gravatar.com\/avatar\/9a7852d6d4143a23715f3b6c52c7fe4f9082cb5a0c79afd7fe61012ab796a742?s=96&d=mm&r=g","caption":"admin@GrupoOrganistrum"},"sameAs":["https:\/\/grupo-organistrum.com"]}]}},"_links":{"self":[{"href":"https:\/\/grupo-organistrum.com\/gl\/wp-json\/wp\/v2\/posts\/5272","targetHints":{"allow":["GET"]}}],"collection":[{"href":"https:\/\/grupo-organistrum.com\/gl\/wp-json\/wp\/v2\/posts"}],"about":[{"href":"https:\/\/grupo-organistrum.com\/gl\/wp-json\/wp\/v2\/types\/post"}],"author":[{"embeddable":true,"href":"https:\/\/grupo-organistrum.com\/gl\/wp-json\/wp\/v2\/users\/1"}],"replies":[{"embeddable":true,"href":"https:\/\/grupo-organistrum.com\/gl\/wp-json\/wp\/v2\/comments?post=5272"}],"version-history":[{"count":0,"href":"https:\/\/grupo-organistrum.com\/gl\/wp-json\/wp\/v2\/posts\/5272\/revisions"}],"wp:featuredmedia":[{"embeddable":true,"href":"https:\/\/grupo-organistrum.com\/gl\/wp-json\/wp\/v2\/media\/6133"}],"wp:attachment":[{"href":"https:\/\/grupo-organistrum.com\/gl\/wp-json\/wp\/v2\/media?parent=5272"}],"wp:term":[{"taxonomy":"category","embeddable":true,"href":"https:\/\/grupo-organistrum.com\/gl\/wp-json\/wp\/v2\/categories?post=5272"},{"taxonomy":"post_tag","embeddable":true,"href":"https:\/\/grupo-organistrum.com\/gl\/wp-json\/wp\/v2\/tags?post=5272"}],"curies":[{"name":"wp","href":"https:\/\/api.w.org\/{rel}","templated":true}]}}