{"id":5295,"date":"2016-11-19T17:26:04","date_gmt":"2016-11-19T16:26:04","guid":{"rendered":"https:\/\/grupo-organistrum.com\/participacion-de-m-capelan-no-ix-congreso-nacional-da-sedem\/"},"modified":"2022-04-20T15:43:56","modified_gmt":"2022-04-20T13:43:56","slug":"participacion-de-m-capelan-no-ix-congreso-nacional-da-sedem","status":"publish","type":"post","link":"https:\/\/grupo-organistrum.com\/gl\/participacion-de-m-capelan-no-ix-congreso-nacional-da-sedem\/","title":{"rendered":"Participaci\u00f3n de M. Capel\u00e1n no IX Congreso Nacional da SEdeM"},"content":{"rendered":"<div      class=\"vc_row wpb_row section vc_row-fluid  clases-texto\" style=' text-align:center;'>\n<div class=\" full_section_inner clearfix\">\n<div class=\"wpb_column vc_column_container vc_col-sm-12\">\n<div class=\"vc_column-inner \">\n<div class=\"wpb_wrapper\">\n<div class=\"wpb_text_column wpb_content_element \">\n<div class=\"wpb_wrapper\">\n<p>Entre os d\u00edas 16 e 19 de novembro de 2016, na Universidad Aut\u00f3noma de Madrid, tivo lugar o IX Congreso Nacional da Sociedad Espa\u00f1ola de Musicolog\u00eda \u201cMusicolog\u00eda no s\u00e9culo XXI: novos retos, novos enfoques\u201d, no que Montserrat Capel\u00e1n presentou a s\u00faa investigaci\u00f3n <em>La aplicaci\u00f3n en Galicia del decreto de la Junta Nacional de la M\u00fasica y Teatros L\u00edricos<\/em> e a s\u00faa tese de doutoramento <em>Las reformas borb\u00f3nicas y la m\u00fasica venezolana de finales de la colonia (1760-1821): el villancico, la tonadilla esc\u00e9nica y la canci\u00f3n patri\u00f3tica. <\/em><\/p>\n<\/p><\/div>\n<\/p><\/div>\n<div class=\"separator  transparent   \" style=\"margin-top: 10px;\"><\/div>\n<div      class=\"vc_row wpb_row section vc_row-fluid vc_inner \" style=' text-align:center;'>\n<div class=\" full_section_inner clearfix\">\n<div class=\"wpb_column vc_column_container vc_col-sm-6\">\n<div class=\"vc_column-inner \">\n<div class=\"wpb_wrapper\"><a itemprop=\"url\" href=\"http:\/\/www.sedem.es\/es\/actividades\/congresosyreuniones.asp\" target=\"_blank\" class=\"qbutton  center default\" style=\"font-weight: 300; \" rel=\"noopener\">ENLACE AO CONGRESO<\/a><\/div>\n<\/div>\n<\/div>\n<div class=\"wpb_column vc_column_container vc_col-sm-6\">\n<div class=\"vc_column-inner \">\n<div class=\"wpb_wrapper\"><a itemprop=\"url\" href=\"https:\/\/grupo-organistrum.com\/wp-content\/uploads\/2017\/05\/Montaje-Congreso-SEdeM.pdf\" target=\"_blank\" class=\"qbutton  center default\" style=\"font-weight: 300; \" rel=\"noopener\">CONSULTAR ABSTRACTS<\/a><\/div>\n<\/div>\n<\/div>\n<\/div>\n<\/div>\n<\/div>\n<\/div>\n<\/div>\n<\/div>\n<\/div>\n","protected":false},"excerpt":{"rendered":"<p>Entre os d\u00edas 16 e 19 de novembro de 2016, na Universidad Aut\u00f3noma de Madrid, tivo lugar o IX Congreso Nacional da Sociedad Espa\u00f1ola de Musicolog\u00eda \u201cMusicolog\u00eda no s\u00e9culo XXI: novos retos, novos enfoques\u201d, no que Montserrat Capel\u00e1n presentou a s\u00faa investigaci\u00f3n La aplicaci\u00f3n en Galicia del decreto de la Junta Nacional de la M\u00fasica &#8230; <a title=\"Participaci\u00f3n de M. Capel\u00e1n no IX Congreso Nacional da SEdeM\" class=\"read-more\" href=\"https:\/\/grupo-organistrum.com\/gl\/participacion-de-m-capelan-no-ix-congreso-nacional-da-sedem\/\" aria-label=\"Le m\u00e1is sobre Participaci\u00f3n de M. Capel\u00e1n no IX Congreso Nacional da SEdeM\">Ler m\u00e1is<\/a><\/p>\n","protected":false},"author":1,"featured_media":6532,"comment_status":"closed","ping_status":"closed","sticky":false,"template":"","format":"standard","meta":{"_acf_changed":false,"footnotes":""},"categories":[152],"tags":[],"class_list":["post-5295","post","type-post","status-publish","format-standard","has-post-thumbnail","hentry","category-simposio"],"acf":[],"yoast_head":"<!-- This site is optimized with the Yoast SEO plugin v25.2 - https:\/\/yoast.com\/wordpress\/plugins\/seo\/ -->\n<title>Participaci\u00f3n de M. Capel\u00e1n no IX Congreso Nacional da SEdeM - Organistrum<\/title>\n<meta name=\"robots\" content=\"index, follow, max-snippet:-1, max-image-preview:large, max-video-preview:-1\" \/>\n<link rel=\"canonical\" href=\"https:\/\/grupo-organistrum.com\/gl\/participacion-de-m-capelan-no-ix-congreso-nacional-da-sedem\/\" \/>\n<meta property=\"og:locale\" content=\"gl_ES\" \/>\n<meta property=\"og:type\" content=\"article\" \/>\n<meta property=\"og:title\" content=\"Participaci\u00f3n de M. Capel\u00e1n no IX Congreso Nacional da SEdeM - Organistrum\" \/>\n<meta property=\"og:description\" content=\"Entre os d\u00edas 16 e 19 de novembro de 2016, na Universidad Aut\u00f3noma de Madrid, tivo lugar o IX Congreso Nacional da Sociedad Espa\u00f1ola de Musicolog\u00eda \u201cMusicolog\u00eda no s\u00e9culo XXI: novos retos, novos enfoques\u201d, no que Montserrat Capel\u00e1n presentou a s\u00faa investigaci\u00f3n La aplicaci\u00f3n en Galicia del decreto de la Junta Nacional de la M\u00fasica ... Ler m\u00e1is\" \/>\n<meta property=\"og:url\" content=\"https:\/\/grupo-organistrum.com\/gl\/participacion-de-m-capelan-no-ix-congreso-nacional-da-sedem\/\" \/>\n<meta property=\"og:site_name\" content=\"Organistrum\" \/>\n<meta property=\"article:published_time\" content=\"2016-11-19T16:26:04+00:00\" \/>\n<meta property=\"article:modified_time\" content=\"2022-04-20T13:43:56+00:00\" \/>\n<meta property=\"og:image\" content=\"https:\/\/grupo-organistrum.com\/wp-content\/uploads\/2016\/11\/portada-sedem-1.jpg\" \/>\n\t<meta property=\"og:image:width\" content=\"805\" \/>\n\t<meta property=\"og:image:height\" content=\"365\" \/>\n\t<meta property=\"og:image:type\" content=\"image\/jpeg\" \/>\n<meta name=\"author\" content=\"admin@GrupoOrganistrum\" \/>\n<meta name=\"twitter:card\" content=\"summary_large_image\" \/>\n<meta name=\"twitter:label1\" content=\"Escrito por\" \/>\n\t<meta name=\"twitter:data1\" content=\"admin@GrupoOrganistrum\" \/>\n\t<meta name=\"twitter:label2\" content=\"Tempo de lectura\" \/>\n\t<meta name=\"twitter:data2\" content=\"1 minuto\" \/>\n<script type=\"application\/ld+json\" class=\"yoast-schema-graph\">{\"@context\":\"https:\/\/schema.org\",\"@graph\":[{\"@type\":\"Article\",\"@id\":\"https:\/\/grupo-organistrum.com\/gl\/participacion-de-m-capelan-no-ix-congreso-nacional-da-sedem\/#article\",\"isPartOf\":{\"@id\":\"https:\/\/grupo-organistrum.com\/gl\/participacion-de-m-capelan-no-ix-congreso-nacional-da-sedem\/\"},\"author\":{\"name\":\"admin@GrupoOrganistrum\",\"@id\":\"https:\/\/grupo-organistrum.com\/gl\/#\/schema\/person\/536bc16c21bf5af9ab7d10c73ea9affc\"},\"headline\":\"Participaci\u00f3n de M. Capel\u00e1n no IX Congreso Nacional da SEdeM\",\"datePublished\":\"2016-11-19T16:26:04+00:00\",\"dateModified\":\"2022-04-20T13:43:56+00:00\",\"mainEntityOfPage\":{\"@id\":\"https:\/\/grupo-organistrum.com\/gl\/participacion-de-m-capelan-no-ix-congreso-nacional-da-sedem\/\"},\"wordCount\":118,\"publisher\":{\"@id\":\"https:\/\/grupo-organistrum.com\/gl\/#organization\"},\"image\":{\"@id\":\"https:\/\/grupo-organistrum.com\/gl\/participacion-de-m-capelan-no-ix-congreso-nacional-da-sedem\/#primaryimage\"},\"thumbnailUrl\":\"https:\/\/grupo-organistrum.com\/wp-content\/uploads\/2016\/11\/portada-sedem-1.jpg\",\"articleSection\":[\"Simposio\"],\"inLanguage\":\"gl-ES\"},{\"@type\":\"WebPage\",\"@id\":\"https:\/\/grupo-organistrum.com\/gl\/participacion-de-m-capelan-no-ix-congreso-nacional-da-sedem\/\",\"url\":\"https:\/\/grupo-organistrum.com\/gl\/participacion-de-m-capelan-no-ix-congreso-nacional-da-sedem\/\",\"name\":\"Participaci\u00f3n de M. Capel\u00e1n no IX Congreso Nacional da SEdeM - Organistrum\",\"isPartOf\":{\"@id\":\"https:\/\/grupo-organistrum.com\/gl\/#website\"},\"primaryImageOfPage\":{\"@id\":\"https:\/\/grupo-organistrum.com\/gl\/participacion-de-m-capelan-no-ix-congreso-nacional-da-sedem\/#primaryimage\"},\"image\":{\"@id\":\"https:\/\/grupo-organistrum.com\/gl\/participacion-de-m-capelan-no-ix-congreso-nacional-da-sedem\/#primaryimage\"},\"thumbnailUrl\":\"https:\/\/grupo-organistrum.com\/wp-content\/uploads\/2016\/11\/portada-sedem-1.jpg\",\"datePublished\":\"2016-11-19T16:26:04+00:00\",\"dateModified\":\"2022-04-20T13:43:56+00:00\",\"breadcrumb\":{\"@id\":\"https:\/\/grupo-organistrum.com\/gl\/participacion-de-m-capelan-no-ix-congreso-nacional-da-sedem\/#breadcrumb\"},\"inLanguage\":\"gl-ES\",\"potentialAction\":[{\"@type\":\"ReadAction\",\"target\":[\"https:\/\/grupo-organistrum.com\/gl\/participacion-de-m-capelan-no-ix-congreso-nacional-da-sedem\/\"]}]},{\"@type\":\"ImageObject\",\"inLanguage\":\"gl-ES\",\"@id\":\"https:\/\/grupo-organistrum.com\/gl\/participacion-de-m-capelan-no-ix-congreso-nacional-da-sedem\/#primaryimage\",\"url\":\"https:\/\/grupo-organistrum.com\/wp-content\/uploads\/2016\/11\/portada-sedem-1.jpg\",\"contentUrl\":\"https:\/\/grupo-organistrum.com\/wp-content\/uploads\/2016\/11\/portada-sedem-1.jpg\",\"width\":805,\"height\":365},{\"@type\":\"BreadcrumbList\",\"@id\":\"https:\/\/grupo-organistrum.com\/gl\/participacion-de-m-capelan-no-ix-congreso-nacional-da-sedem\/#breadcrumb\",\"itemListElement\":[{\"@type\":\"ListItem\",\"position\":1,\"name\":\"Portada\",\"item\":\"https:\/\/grupo-organistrum.com\/gl\/\"},{\"@type\":\"ListItem\",\"position\":2,\"name\":\"Participaci\u00f3n de M. Capel\u00e1n no IX Congreso Nacional da SEdeM\"}]},{\"@type\":\"WebSite\",\"@id\":\"https:\/\/grupo-organistrum.com\/gl\/#website\",\"url\":\"https:\/\/grupo-organistrum.com\/gl\/\",\"name\":\"Organistrum\",\"description\":\"Grupo de Investigaci\u00f3n\",\"publisher\":{\"@id\":\"https:\/\/grupo-organistrum.com\/gl\/#organization\"},\"potentialAction\":[{\"@type\":\"SearchAction\",\"target\":{\"@type\":\"EntryPoint\",\"urlTemplate\":\"https:\/\/grupo-organistrum.com\/gl\/?s={search_term_string}\"},\"query-input\":{\"@type\":\"PropertyValueSpecification\",\"valueRequired\":true,\"valueName\":\"search_term_string\"}}],\"inLanguage\":\"gl-ES\"},{\"@type\":\"Organization\",\"@id\":\"https:\/\/grupo-organistrum.com\/gl\/#organization\",\"name\":\"Grupo Organistrum | Grupo de investigaci\u00f3n | GI-2025\",\"url\":\"https:\/\/grupo-organistrum.com\/gl\/\",\"logo\":{\"@type\":\"ImageObject\",\"inLanguage\":\"gl-ES\",\"@id\":\"https:\/\/grupo-organistrum.com\/gl\/#\/schema\/logo\/image\/\",\"url\":\"https:\/\/grupo-organistrum.com\/wp-content\/uploads\/2022\/02\/logo.png\",\"contentUrl\":\"https:\/\/grupo-organistrum.com\/wp-content\/uploads\/2022\/02\/logo.png\",\"width\":464,\"height\":103,\"caption\":\"Grupo Organistrum | Grupo de investigaci\u00f3n | GI-2025\"},\"image\":{\"@id\":\"https:\/\/grupo-organistrum.com\/gl\/#\/schema\/logo\/image\/\"}},{\"@type\":\"Person\",\"@id\":\"https:\/\/grupo-organistrum.com\/gl\/#\/schema\/person\/536bc16c21bf5af9ab7d10c73ea9affc\",\"name\":\"admin@GrupoOrganistrum\",\"image\":{\"@type\":\"ImageObject\",\"inLanguage\":\"gl-ES\",\"@id\":\"https:\/\/grupo-organistrum.com\/gl\/#\/schema\/person\/image\/\",\"url\":\"https:\/\/secure.gravatar.com\/avatar\/9a7852d6d4143a23715f3b6c52c7fe4f9082cb5a0c79afd7fe61012ab796a742?s=96&d=mm&r=g\",\"contentUrl\":\"https:\/\/secure.gravatar.com\/avatar\/9a7852d6d4143a23715f3b6c52c7fe4f9082cb5a0c79afd7fe61012ab796a742?s=96&d=mm&r=g\",\"caption\":\"admin@GrupoOrganistrum\"},\"sameAs\":[\"https:\/\/grupo-organistrum.com\"]}]}<\/script>\n<!-- \/ Yoast SEO plugin. -->","yoast_head_json":{"title":"Participaci\u00f3n de M. Capel\u00e1n no IX Congreso Nacional da SEdeM - Organistrum","robots":{"index":"index","follow":"follow","max-snippet":"max-snippet:-1","max-image-preview":"max-image-preview:large","max-video-preview":"max-video-preview:-1"},"canonical":"https:\/\/grupo-organistrum.com\/gl\/participacion-de-m-capelan-no-ix-congreso-nacional-da-sedem\/","og_locale":"gl_ES","og_type":"article","og_title":"Participaci\u00f3n de M. Capel\u00e1n no IX Congreso Nacional da SEdeM - Organistrum","og_description":"Entre os d\u00edas 16 e 19 de novembro de 2016, na Universidad Aut\u00f3noma de Madrid, tivo lugar o IX Congreso Nacional da Sociedad Espa\u00f1ola de Musicolog\u00eda \u201cMusicolog\u00eda no s\u00e9culo XXI: novos retos, novos enfoques\u201d, no que Montserrat Capel\u00e1n presentou a s\u00faa investigaci\u00f3n La aplicaci\u00f3n en Galicia del decreto de la Junta Nacional de la M\u00fasica ... Ler m\u00e1is","og_url":"https:\/\/grupo-organistrum.com\/gl\/participacion-de-m-capelan-no-ix-congreso-nacional-da-sedem\/","og_site_name":"Organistrum","article_published_time":"2016-11-19T16:26:04+00:00","article_modified_time":"2022-04-20T13:43:56+00:00","og_image":[{"width":805,"height":365,"url":"https:\/\/grupo-organistrum.com\/wp-content\/uploads\/2016\/11\/portada-sedem-1.jpg","type":"image\/jpeg"}],"author":"admin@GrupoOrganistrum","twitter_card":"summary_large_image","twitter_misc":{"Escrito por":"admin@GrupoOrganistrum","Tempo de lectura":"1 minuto"},"schema":{"@context":"https:\/\/schema.org","@graph":[{"@type":"Article","@id":"https:\/\/grupo-organistrum.com\/gl\/participacion-de-m-capelan-no-ix-congreso-nacional-da-sedem\/#article","isPartOf":{"@id":"https:\/\/grupo-organistrum.com\/gl\/participacion-de-m-capelan-no-ix-congreso-nacional-da-sedem\/"},"author":{"name":"admin@GrupoOrganistrum","@id":"https:\/\/grupo-organistrum.com\/gl\/#\/schema\/person\/536bc16c21bf5af9ab7d10c73ea9affc"},"headline":"Participaci\u00f3n de M. Capel\u00e1n no IX Congreso Nacional da SEdeM","datePublished":"2016-11-19T16:26:04+00:00","dateModified":"2022-04-20T13:43:56+00:00","mainEntityOfPage":{"@id":"https:\/\/grupo-organistrum.com\/gl\/participacion-de-m-capelan-no-ix-congreso-nacional-da-sedem\/"},"wordCount":118,"publisher":{"@id":"https:\/\/grupo-organistrum.com\/gl\/#organization"},"image":{"@id":"https:\/\/grupo-organistrum.com\/gl\/participacion-de-m-capelan-no-ix-congreso-nacional-da-sedem\/#primaryimage"},"thumbnailUrl":"https:\/\/grupo-organistrum.com\/wp-content\/uploads\/2016\/11\/portada-sedem-1.jpg","articleSection":["Simposio"],"inLanguage":"gl-ES"},{"@type":"WebPage","@id":"https:\/\/grupo-organistrum.com\/gl\/participacion-de-m-capelan-no-ix-congreso-nacional-da-sedem\/","url":"https:\/\/grupo-organistrum.com\/gl\/participacion-de-m-capelan-no-ix-congreso-nacional-da-sedem\/","name":"Participaci\u00f3n de M. Capel\u00e1n no IX Congreso Nacional da SEdeM - Organistrum","isPartOf":{"@id":"https:\/\/grupo-organistrum.com\/gl\/#website"},"primaryImageOfPage":{"@id":"https:\/\/grupo-organistrum.com\/gl\/participacion-de-m-capelan-no-ix-congreso-nacional-da-sedem\/#primaryimage"},"image":{"@id":"https:\/\/grupo-organistrum.com\/gl\/participacion-de-m-capelan-no-ix-congreso-nacional-da-sedem\/#primaryimage"},"thumbnailUrl":"https:\/\/grupo-organistrum.com\/wp-content\/uploads\/2016\/11\/portada-sedem-1.jpg","datePublished":"2016-11-19T16:26:04+00:00","dateModified":"2022-04-20T13:43:56+00:00","breadcrumb":{"@id":"https:\/\/grupo-organistrum.com\/gl\/participacion-de-m-capelan-no-ix-congreso-nacional-da-sedem\/#breadcrumb"},"inLanguage":"gl-ES","potentialAction":[{"@type":"ReadAction","target":["https:\/\/grupo-organistrum.com\/gl\/participacion-de-m-capelan-no-ix-congreso-nacional-da-sedem\/"]}]},{"@type":"ImageObject","inLanguage":"gl-ES","@id":"https:\/\/grupo-organistrum.com\/gl\/participacion-de-m-capelan-no-ix-congreso-nacional-da-sedem\/#primaryimage","url":"https:\/\/grupo-organistrum.com\/wp-content\/uploads\/2016\/11\/portada-sedem-1.jpg","contentUrl":"https:\/\/grupo-organistrum.com\/wp-content\/uploads\/2016\/11\/portada-sedem-1.jpg","width":805,"height":365},{"@type":"BreadcrumbList","@id":"https:\/\/grupo-organistrum.com\/gl\/participacion-de-m-capelan-no-ix-congreso-nacional-da-sedem\/#breadcrumb","itemListElement":[{"@type":"ListItem","position":1,"name":"Portada","item":"https:\/\/grupo-organistrum.com\/gl\/"},{"@type":"ListItem","position":2,"name":"Participaci\u00f3n de M. Capel\u00e1n no IX Congreso Nacional da SEdeM"}]},{"@type":"WebSite","@id":"https:\/\/grupo-organistrum.com\/gl\/#website","url":"https:\/\/grupo-organistrum.com\/gl\/","name":"Organistrum","description":"Grupo de Investigaci\u00f3n","publisher":{"@id":"https:\/\/grupo-organistrum.com\/gl\/#organization"},"potentialAction":[{"@type":"SearchAction","target":{"@type":"EntryPoint","urlTemplate":"https:\/\/grupo-organistrum.com\/gl\/?s={search_term_string}"},"query-input":{"@type":"PropertyValueSpecification","valueRequired":true,"valueName":"search_term_string"}}],"inLanguage":"gl-ES"},{"@type":"Organization","@id":"https:\/\/grupo-organistrum.com\/gl\/#organization","name":"Grupo Organistrum | Grupo de investigaci\u00f3n | GI-2025","url":"https:\/\/grupo-organistrum.com\/gl\/","logo":{"@type":"ImageObject","inLanguage":"gl-ES","@id":"https:\/\/grupo-organistrum.com\/gl\/#\/schema\/logo\/image\/","url":"https:\/\/grupo-organistrum.com\/wp-content\/uploads\/2022\/02\/logo.png","contentUrl":"https:\/\/grupo-organistrum.com\/wp-content\/uploads\/2022\/02\/logo.png","width":464,"height":103,"caption":"Grupo Organistrum | Grupo de investigaci\u00f3n | GI-2025"},"image":{"@id":"https:\/\/grupo-organistrum.com\/gl\/#\/schema\/logo\/image\/"}},{"@type":"Person","@id":"https:\/\/grupo-organistrum.com\/gl\/#\/schema\/person\/536bc16c21bf5af9ab7d10c73ea9affc","name":"admin@GrupoOrganistrum","image":{"@type":"ImageObject","inLanguage":"gl-ES","@id":"https:\/\/grupo-organistrum.com\/gl\/#\/schema\/person\/image\/","url":"https:\/\/secure.gravatar.com\/avatar\/9a7852d6d4143a23715f3b6c52c7fe4f9082cb5a0c79afd7fe61012ab796a742?s=96&d=mm&r=g","contentUrl":"https:\/\/secure.gravatar.com\/avatar\/9a7852d6d4143a23715f3b6c52c7fe4f9082cb5a0c79afd7fe61012ab796a742?s=96&d=mm&r=g","caption":"admin@GrupoOrganistrum"},"sameAs":["https:\/\/grupo-organistrum.com"]}]}},"_links":{"self":[{"href":"https:\/\/grupo-organistrum.com\/gl\/wp-json\/wp\/v2\/posts\/5295","targetHints":{"allow":["GET"]}}],"collection":[{"href":"https:\/\/grupo-organistrum.com\/gl\/wp-json\/wp\/v2\/posts"}],"about":[{"href":"https:\/\/grupo-organistrum.com\/gl\/wp-json\/wp\/v2\/types\/post"}],"author":[{"embeddable":true,"href":"https:\/\/grupo-organistrum.com\/gl\/wp-json\/wp\/v2\/users\/1"}],"replies":[{"embeddable":true,"href":"https:\/\/grupo-organistrum.com\/gl\/wp-json\/wp\/v2\/comments?post=5295"}],"version-history":[{"count":0,"href":"https:\/\/grupo-organistrum.com\/gl\/wp-json\/wp\/v2\/posts\/5295\/revisions"}],"wp:featuredmedia":[{"embeddable":true,"href":"https:\/\/grupo-organistrum.com\/gl\/wp-json\/wp\/v2\/media\/6532"}],"wp:attachment":[{"href":"https:\/\/grupo-organistrum.com\/gl\/wp-json\/wp\/v2\/media?parent=5295"}],"wp:term":[{"taxonomy":"category","embeddable":true,"href":"https:\/\/grupo-organistrum.com\/gl\/wp-json\/wp\/v2\/categories?post=5295"},{"taxonomy":"post_tag","embeddable":true,"href":"https:\/\/grupo-organistrum.com\/gl\/wp-json\/wp\/v2\/tags?post=5295"}],"curies":[{"name":"wp","href":"https:\/\/api.w.org\/{rel}","templated":true}]}}