{"id":9303,"date":"2024-05-31T09:53:25","date_gmt":"2024-05-31T07:53:25","guid":{"rendered":"https:\/\/grupo-organistrum.com\/la-biblioteca-de-galicia-acoge-la-jornada-tecnica-transformando-a-musica-en-patrimonio-en-la-que-participa-laura-tourinan\/"},"modified":"2024-05-31T09:59:17","modified_gmt":"2024-05-31T07:59:17","slug":"la-biblioteca-de-galicia-acoge-la-jornada-tecnica-transformando-a-musica-en-patrimonio-en-la-que-participa-laura-tourinan","status":"publish","type":"post","link":"https:\/\/grupo-organistrum.com\/gl\/la-biblioteca-de-galicia-acoge-la-jornada-tecnica-transformando-a-musica-en-patrimonio-en-la-que-participa-laura-tourinan\/","title":{"rendered":"A Biblioteca de Galicia acolle a xornada t\u00e9cnica &#8220;Transformando a m\u00fasica en patrimonio&#8221; na que participa Laura Touri\u00f1\u00e1n"},"content":{"rendered":"\n<p>O venres 31 de maio ter\u00e1 lugar unha nova xornada t\u00e9cnica na Biblioteca de Galicia, co t\u00edtulo\u00a0<strong>\u00abTransformando a m\u00fasica en patrimonio\u00bb<\/strong>. Como cada ano a instituci\u00f3n cabeceira do Sistema de Bibliotecas da nosa comunidade aut\u00f3noma organiza unha serie de encontros para analizar e debater alg\u00fan dos temas transversais vencellados as nosas instituci\u00f3ns da memoria. Nesta ocasi\u00f3n a xornada estar\u00e1 centrada no patrimonio sonoro. Os documentos sonoros e audiovisuais tam\u00e9n forman parte do acervo cultural dun pobo, e como tales deben preservarse e difundirse.<\/p>\n\n\n\n<p>Entre os conferenciantes, participa Laura Touri\u00f1\u00e1n Morandeira, ca ponencia &#8220;Marcial del Adalid e o seu legado na Real Academia Galega: un proxecto de transferencia e difusi\u00f3n&#8221;, na que presenta o proxecto levado a cabo sobre Marcial del Adalid e nesta instituci\u00f3n, que incl\u00fae unha web monogr\u00e1fica e un libro sobre a efem\u00e9ride.<\/p>\n\n\n\n<div class=\"wp-block-buttons is-layout-flex wp-block-buttons-is-layout-flex\">\n<div class=\"wp-block-button\"><a class=\"wp-block-button__link wp-element-button\" href=\"https:\/\/www.cidadedacultura.gal\/es\/evento\/transformando-la-musica-en-patrimonio-jornada-tecnica-en-la-biblioteca-de-galicia\" target=\"_blank\" rel=\"noreferrer noopener\">M\u00e1is informaci\u00f3n<\/a><\/div>\n<\/div>\n\n\n\n<p><\/p>\n\n\n\n<div data-wp-interactive=\"core\/file\" class=\"wp-block-file\"><object data-wp-bind--hidden=\"!state.hasPdfPreview\" hidden class=\"wp-block-file__embed\" data=\"https:\/\/grupo-organistrum.com\/wp-content\/uploads\/2024\/05\/programa_xornada_tecnica_ps.pdf\" type=\"application\/pdf\" style=\"width:100%;height:600px\" aria-label=\"Incrustado de programa_xornada_tecnica_ps.\"><\/object><a id=\"wp-block-file--media-38ff003d-ed21-42e3-9135-eef73c0dd73e\" href=\"https:\/\/grupo-organistrum.com\/wp-content\/uploads\/2024\/05\/programa_xornada_tecnica_ps.pdf\">programa_xornada_tecnica_ps<\/a><a href=\"https:\/\/grupo-organistrum.com\/wp-content\/uploads\/2024\/05\/programa_xornada_tecnica_ps.pdf\" class=\"wp-block-file__button wp-element-button\" download aria-describedby=\"wp-block-file--media-38ff003d-ed21-42e3-9135-eef73c0dd73e\">Descarga<\/a><\/div>\n","protected":false},"excerpt":{"rendered":"<p>O venres 31 de maio ter\u00e1 lugar unha nova xornada t\u00e9cnica na Biblioteca de Galicia, co t\u00edtulo\u00a0\u00abTransformando a m\u00fasica en patrimonio\u00bb. Como cada ano a instituci\u00f3n cabeceira do Sistema de Bibliotecas da nosa comunidade aut\u00f3noma organiza unha serie de encontros para analizar e debater alg\u00fan dos temas transversais vencellados as nosas instituci\u00f3ns da memoria. Nesta &#8230; <a title=\"A Biblioteca de Galicia acolle a xornada t\u00e9cnica &#8220;Transformando a m\u00fasica en patrimonio&#8221; na que participa Laura Touri\u00f1\u00e1n\" class=\"read-more\" href=\"https:\/\/grupo-organistrum.com\/gl\/la-biblioteca-de-galicia-acoge-la-jornada-tecnica-transformando-a-musica-en-patrimonio-en-la-que-participa-laura-tourinan\/\" aria-label=\"Le m\u00e1is sobre A Biblioteca de Galicia acolle a xornada t\u00e9cnica &#8220;Transformando a m\u00fasica en patrimonio&#8221; na que participa Laura Touri\u00f1\u00e1n\">Ler m\u00e1is<\/a><\/p>\n","protected":false},"author":2,"featured_media":9298,"comment_status":"closed","ping_status":"closed","sticky":false,"template":"","format":"standard","meta":{"_acf_changed":false,"footnotes":""},"categories":[2],"tags":[],"class_list":["post-9303","post","type-post","status-publish","format-standard","has-post-thumbnail","hentry","category-grupo-organistrum"],"acf":[],"yoast_head":"<!-- This site is optimized with the Yoast SEO plugin v25.2 - https:\/\/yoast.com\/wordpress\/plugins\/seo\/ -->\n<title>A Biblioteca de Galicia acolle a xornada t\u00e9cnica &quot;Transformando a m\u00fasica en patrimonio&quot; na que participa Laura Touri\u00f1\u00e1n - Organistrum<\/title>\n<meta name=\"robots\" content=\"index, follow, max-snippet:-1, max-image-preview:large, max-video-preview:-1\" \/>\n<link rel=\"canonical\" href=\"https:\/\/grupo-organistrum.com\/gl\/la-biblioteca-de-galicia-acoge-la-jornada-tecnica-transformando-a-musica-en-patrimonio-en-la-que-participa-laura-tourinan\/\" \/>\n<meta property=\"og:locale\" content=\"gl_ES\" \/>\n<meta property=\"og:type\" content=\"article\" \/>\n<meta property=\"og:title\" content=\"A Biblioteca de Galicia acolle a xornada t\u00e9cnica &quot;Transformando a m\u00fasica en patrimonio&quot; na que participa Laura Touri\u00f1\u00e1n - Organistrum\" \/>\n<meta property=\"og:description\" content=\"O venres 31 de maio ter\u00e1 lugar unha nova xornada t\u00e9cnica na Biblioteca de Galicia, co t\u00edtulo\u00a0\u00abTransformando a m\u00fasica en patrimonio\u00bb. Como cada ano a instituci\u00f3n cabeceira do Sistema de Bibliotecas da nosa comunidade aut\u00f3noma organiza unha serie de encontros para analizar e debater alg\u00fan dos temas transversais vencellados as nosas instituci\u00f3ns da memoria. Nesta ... Ler m\u00e1is\" \/>\n<meta property=\"og:url\" content=\"https:\/\/grupo-organistrum.com\/gl\/la-biblioteca-de-galicia-acoge-la-jornada-tecnica-transformando-a-musica-en-patrimonio-en-la-que-participa-laura-tourinan\/\" \/>\n<meta property=\"og:site_name\" content=\"Organistrum\" \/>\n<meta property=\"article:published_time\" content=\"2024-05-31T07:53:25+00:00\" \/>\n<meta property=\"article:modified_time\" content=\"2024-05-31T07:59:17+00:00\" \/>\n<meta property=\"og:image\" content=\"https:\/\/grupo-organistrum.com\/wp-content\/uploads\/2024\/05\/Post-xeral.jpg\" \/>\n\t<meta property=\"og:image:width\" content=\"1201\" \/>\n\t<meta property=\"og:image:height\" content=\"1201\" \/>\n\t<meta property=\"og:image:type\" content=\"image\/jpeg\" \/>\n<meta name=\"author\" content=\"Laura Touri\u00f1an\" \/>\n<meta name=\"twitter:card\" content=\"summary_large_image\" \/>\n<meta name=\"twitter:label1\" content=\"Escrito por\" \/>\n\t<meta name=\"twitter:data1\" content=\"Laura Touri\u00f1an\" \/>\n\t<meta name=\"twitter:label2\" content=\"Tempo de lectura\" \/>\n\t<meta name=\"twitter:data2\" content=\"1 minuto\" \/>\n<script type=\"application\/ld+json\" class=\"yoast-schema-graph\">{\"@context\":\"https:\/\/schema.org\",\"@graph\":[{\"@type\":\"Article\",\"@id\":\"https:\/\/grupo-organistrum.com\/gl\/la-biblioteca-de-galicia-acoge-la-jornada-tecnica-transformando-a-musica-en-patrimonio-en-la-que-participa-laura-tourinan\/#article\",\"isPartOf\":{\"@id\":\"https:\/\/grupo-organistrum.com\/gl\/la-biblioteca-de-galicia-acoge-la-jornada-tecnica-transformando-a-musica-en-patrimonio-en-la-que-participa-laura-tourinan\/\"},\"author\":{\"name\":\"Laura Touri\u00f1an\",\"@id\":\"https:\/\/grupo-organistrum.com\/gl\/#\/schema\/person\/3be8e4cf7abe992fdb684a010c316e1c\"},\"headline\":\"A Biblioteca de Galicia acolle a xornada t\u00e9cnica &#8220;Transformando a m\u00fasica en patrimonio&#8221; na que participa Laura Touri\u00f1\u00e1n\",\"datePublished\":\"2024-05-31T07:53:25+00:00\",\"dateModified\":\"2024-05-31T07:59:17+00:00\",\"mainEntityOfPage\":{\"@id\":\"https:\/\/grupo-organistrum.com\/gl\/la-biblioteca-de-galicia-acoge-la-jornada-tecnica-transformando-a-musica-en-patrimonio-en-la-que-participa-laura-tourinan\/\"},\"wordCount\":180,\"publisher\":{\"@id\":\"https:\/\/grupo-organistrum.com\/gl\/#organization\"},\"image\":{\"@id\":\"https:\/\/grupo-organistrum.com\/gl\/la-biblioteca-de-galicia-acoge-la-jornada-tecnica-transformando-a-musica-en-patrimonio-en-la-que-participa-laura-tourinan\/#primaryimage\"},\"thumbnailUrl\":\"https:\/\/grupo-organistrum.com\/wp-content\/uploads\/2024\/05\/Post-xeral.jpg\",\"articleSection\":[\"Grupo Organistrum\"],\"inLanguage\":\"gl-ES\"},{\"@type\":\"WebPage\",\"@id\":\"https:\/\/grupo-organistrum.com\/gl\/la-biblioteca-de-galicia-acoge-la-jornada-tecnica-transformando-a-musica-en-patrimonio-en-la-que-participa-laura-tourinan\/\",\"url\":\"https:\/\/grupo-organistrum.com\/gl\/la-biblioteca-de-galicia-acoge-la-jornada-tecnica-transformando-a-musica-en-patrimonio-en-la-que-participa-laura-tourinan\/\",\"name\":\"A Biblioteca de Galicia acolle a xornada t\u00e9cnica \\\"Transformando a m\u00fasica en patrimonio\\\" na que participa Laura Touri\u00f1\u00e1n - Organistrum\",\"isPartOf\":{\"@id\":\"https:\/\/grupo-organistrum.com\/gl\/#website\"},\"primaryImageOfPage\":{\"@id\":\"https:\/\/grupo-organistrum.com\/gl\/la-biblioteca-de-galicia-acoge-la-jornada-tecnica-transformando-a-musica-en-patrimonio-en-la-que-participa-laura-tourinan\/#primaryimage\"},\"image\":{\"@id\":\"https:\/\/grupo-organistrum.com\/gl\/la-biblioteca-de-galicia-acoge-la-jornada-tecnica-transformando-a-musica-en-patrimonio-en-la-que-participa-laura-tourinan\/#primaryimage\"},\"thumbnailUrl\":\"https:\/\/grupo-organistrum.com\/wp-content\/uploads\/2024\/05\/Post-xeral.jpg\",\"datePublished\":\"2024-05-31T07:53:25+00:00\",\"dateModified\":\"2024-05-31T07:59:17+00:00\",\"breadcrumb\":{\"@id\":\"https:\/\/grupo-organistrum.com\/gl\/la-biblioteca-de-galicia-acoge-la-jornada-tecnica-transformando-a-musica-en-patrimonio-en-la-que-participa-laura-tourinan\/#breadcrumb\"},\"inLanguage\":\"gl-ES\",\"potentialAction\":[{\"@type\":\"ReadAction\",\"target\":[\"https:\/\/grupo-organistrum.com\/gl\/la-biblioteca-de-galicia-acoge-la-jornada-tecnica-transformando-a-musica-en-patrimonio-en-la-que-participa-laura-tourinan\/\"]}]},{\"@type\":\"ImageObject\",\"inLanguage\":\"gl-ES\",\"@id\":\"https:\/\/grupo-organistrum.com\/gl\/la-biblioteca-de-galicia-acoge-la-jornada-tecnica-transformando-a-musica-en-patrimonio-en-la-que-participa-laura-tourinan\/#primaryimage\",\"url\":\"https:\/\/grupo-organistrum.com\/wp-content\/uploads\/2024\/05\/Post-xeral.jpg\",\"contentUrl\":\"https:\/\/grupo-organistrum.com\/wp-content\/uploads\/2024\/05\/Post-xeral.jpg\",\"width\":1201,\"height\":1201},{\"@type\":\"BreadcrumbList\",\"@id\":\"https:\/\/grupo-organistrum.com\/gl\/la-biblioteca-de-galicia-acoge-la-jornada-tecnica-transformando-a-musica-en-patrimonio-en-la-que-participa-laura-tourinan\/#breadcrumb\",\"itemListElement\":[{\"@type\":\"ListItem\",\"position\":1,\"name\":\"Portada\",\"item\":\"https:\/\/grupo-organistrum.com\/gl\/\"},{\"@type\":\"ListItem\",\"position\":2,\"name\":\"A Biblioteca de Galicia acolle a xornada t\u00e9cnica \u00abTransformando a m\u00fasica en patrimonio\u00bb na que participa Laura Touri\u00f1\u00e1n\"}]},{\"@type\":\"WebSite\",\"@id\":\"https:\/\/grupo-organistrum.com\/gl\/#website\",\"url\":\"https:\/\/grupo-organistrum.com\/gl\/\",\"name\":\"Organistrum\",\"description\":\"Grupo de Investigaci\u00f3n\",\"publisher\":{\"@id\":\"https:\/\/grupo-organistrum.com\/gl\/#organization\"},\"potentialAction\":[{\"@type\":\"SearchAction\",\"target\":{\"@type\":\"EntryPoint\",\"urlTemplate\":\"https:\/\/grupo-organistrum.com\/gl\/?s={search_term_string}\"},\"query-input\":{\"@type\":\"PropertyValueSpecification\",\"valueRequired\":true,\"valueName\":\"search_term_string\"}}],\"inLanguage\":\"gl-ES\"},{\"@type\":\"Organization\",\"@id\":\"https:\/\/grupo-organistrum.com\/gl\/#organization\",\"name\":\"Grupo Organistrum | Grupo de investigaci\u00f3n | GI-2025\",\"url\":\"https:\/\/grupo-organistrum.com\/gl\/\",\"logo\":{\"@type\":\"ImageObject\",\"inLanguage\":\"gl-ES\",\"@id\":\"https:\/\/grupo-organistrum.com\/gl\/#\/schema\/logo\/image\/\",\"url\":\"https:\/\/grupo-organistrum.com\/wp-content\/uploads\/2022\/02\/logo.png\",\"contentUrl\":\"https:\/\/grupo-organistrum.com\/wp-content\/uploads\/2022\/02\/logo.png\",\"width\":464,\"height\":103,\"caption\":\"Grupo Organistrum | Grupo de investigaci\u00f3n | GI-2025\"},\"image\":{\"@id\":\"https:\/\/grupo-organistrum.com\/gl\/#\/schema\/logo\/image\/\"}},{\"@type\":\"Person\",\"@id\":\"https:\/\/grupo-organistrum.com\/gl\/#\/schema\/person\/3be8e4cf7abe992fdb684a010c316e1c\",\"name\":\"Laura Touri\u00f1an\",\"image\":{\"@type\":\"ImageObject\",\"inLanguage\":\"gl-ES\",\"@id\":\"https:\/\/grupo-organistrum.com\/gl\/#\/schema\/person\/image\/\",\"url\":\"https:\/\/secure.gravatar.com\/avatar\/7e3d8c1f660421aa084fe0512141cd32b70d88542d05643ab2a69286e12e23a0?s=96&d=mm&r=g\",\"contentUrl\":\"https:\/\/secure.gravatar.com\/avatar\/7e3d8c1f660421aa084fe0512141cd32b70d88542d05643ab2a69286e12e23a0?s=96&d=mm&r=g\",\"caption\":\"Laura Touri\u00f1an\"}}]}<\/script>\n<!-- \/ Yoast SEO plugin. -->","yoast_head_json":{"title":"A Biblioteca de Galicia acolle a xornada t\u00e9cnica \"Transformando a m\u00fasica en patrimonio\" na que participa Laura Touri\u00f1\u00e1n - Organistrum","robots":{"index":"index","follow":"follow","max-snippet":"max-snippet:-1","max-image-preview":"max-image-preview:large","max-video-preview":"max-video-preview:-1"},"canonical":"https:\/\/grupo-organistrum.com\/gl\/la-biblioteca-de-galicia-acoge-la-jornada-tecnica-transformando-a-musica-en-patrimonio-en-la-que-participa-laura-tourinan\/","og_locale":"gl_ES","og_type":"article","og_title":"A Biblioteca de Galicia acolle a xornada t\u00e9cnica \"Transformando a m\u00fasica en patrimonio\" na que participa Laura Touri\u00f1\u00e1n - Organistrum","og_description":"O venres 31 de maio ter\u00e1 lugar unha nova xornada t\u00e9cnica na Biblioteca de Galicia, co t\u00edtulo\u00a0\u00abTransformando a m\u00fasica en patrimonio\u00bb. Como cada ano a instituci\u00f3n cabeceira do Sistema de Bibliotecas da nosa comunidade aut\u00f3noma organiza unha serie de encontros para analizar e debater alg\u00fan dos temas transversais vencellados as nosas instituci\u00f3ns da memoria. Nesta ... Ler m\u00e1is","og_url":"https:\/\/grupo-organistrum.com\/gl\/la-biblioteca-de-galicia-acoge-la-jornada-tecnica-transformando-a-musica-en-patrimonio-en-la-que-participa-laura-tourinan\/","og_site_name":"Organistrum","article_published_time":"2024-05-31T07:53:25+00:00","article_modified_time":"2024-05-31T07:59:17+00:00","og_image":[{"width":1201,"height":1201,"url":"https:\/\/grupo-organistrum.com\/wp-content\/uploads\/2024\/05\/Post-xeral.jpg","type":"image\/jpeg"}],"author":"Laura Touri\u00f1an","twitter_card":"summary_large_image","twitter_misc":{"Escrito por":"Laura Touri\u00f1an","Tempo de lectura":"1 minuto"},"schema":{"@context":"https:\/\/schema.org","@graph":[{"@type":"Article","@id":"https:\/\/grupo-organistrum.com\/gl\/la-biblioteca-de-galicia-acoge-la-jornada-tecnica-transformando-a-musica-en-patrimonio-en-la-que-participa-laura-tourinan\/#article","isPartOf":{"@id":"https:\/\/grupo-organistrum.com\/gl\/la-biblioteca-de-galicia-acoge-la-jornada-tecnica-transformando-a-musica-en-patrimonio-en-la-que-participa-laura-tourinan\/"},"author":{"name":"Laura Touri\u00f1an","@id":"https:\/\/grupo-organistrum.com\/gl\/#\/schema\/person\/3be8e4cf7abe992fdb684a010c316e1c"},"headline":"A Biblioteca de Galicia acolle a xornada t\u00e9cnica &#8220;Transformando a m\u00fasica en patrimonio&#8221; na que participa Laura Touri\u00f1\u00e1n","datePublished":"2024-05-31T07:53:25+00:00","dateModified":"2024-05-31T07:59:17+00:00","mainEntityOfPage":{"@id":"https:\/\/grupo-organistrum.com\/gl\/la-biblioteca-de-galicia-acoge-la-jornada-tecnica-transformando-a-musica-en-patrimonio-en-la-que-participa-laura-tourinan\/"},"wordCount":180,"publisher":{"@id":"https:\/\/grupo-organistrum.com\/gl\/#organization"},"image":{"@id":"https:\/\/grupo-organistrum.com\/gl\/la-biblioteca-de-galicia-acoge-la-jornada-tecnica-transformando-a-musica-en-patrimonio-en-la-que-participa-laura-tourinan\/#primaryimage"},"thumbnailUrl":"https:\/\/grupo-organistrum.com\/wp-content\/uploads\/2024\/05\/Post-xeral.jpg","articleSection":["Grupo Organistrum"],"inLanguage":"gl-ES"},{"@type":"WebPage","@id":"https:\/\/grupo-organistrum.com\/gl\/la-biblioteca-de-galicia-acoge-la-jornada-tecnica-transformando-a-musica-en-patrimonio-en-la-que-participa-laura-tourinan\/","url":"https:\/\/grupo-organistrum.com\/gl\/la-biblioteca-de-galicia-acoge-la-jornada-tecnica-transformando-a-musica-en-patrimonio-en-la-que-participa-laura-tourinan\/","name":"A Biblioteca de Galicia acolle a xornada t\u00e9cnica \"Transformando a m\u00fasica en patrimonio\" na que participa Laura Touri\u00f1\u00e1n - Organistrum","isPartOf":{"@id":"https:\/\/grupo-organistrum.com\/gl\/#website"},"primaryImageOfPage":{"@id":"https:\/\/grupo-organistrum.com\/gl\/la-biblioteca-de-galicia-acoge-la-jornada-tecnica-transformando-a-musica-en-patrimonio-en-la-que-participa-laura-tourinan\/#primaryimage"},"image":{"@id":"https:\/\/grupo-organistrum.com\/gl\/la-biblioteca-de-galicia-acoge-la-jornada-tecnica-transformando-a-musica-en-patrimonio-en-la-que-participa-laura-tourinan\/#primaryimage"},"thumbnailUrl":"https:\/\/grupo-organistrum.com\/wp-content\/uploads\/2024\/05\/Post-xeral.jpg","datePublished":"2024-05-31T07:53:25+00:00","dateModified":"2024-05-31T07:59:17+00:00","breadcrumb":{"@id":"https:\/\/grupo-organistrum.com\/gl\/la-biblioteca-de-galicia-acoge-la-jornada-tecnica-transformando-a-musica-en-patrimonio-en-la-que-participa-laura-tourinan\/#breadcrumb"},"inLanguage":"gl-ES","potentialAction":[{"@type":"ReadAction","target":["https:\/\/grupo-organistrum.com\/gl\/la-biblioteca-de-galicia-acoge-la-jornada-tecnica-transformando-a-musica-en-patrimonio-en-la-que-participa-laura-tourinan\/"]}]},{"@type":"ImageObject","inLanguage":"gl-ES","@id":"https:\/\/grupo-organistrum.com\/gl\/la-biblioteca-de-galicia-acoge-la-jornada-tecnica-transformando-a-musica-en-patrimonio-en-la-que-participa-laura-tourinan\/#primaryimage","url":"https:\/\/grupo-organistrum.com\/wp-content\/uploads\/2024\/05\/Post-xeral.jpg","contentUrl":"https:\/\/grupo-organistrum.com\/wp-content\/uploads\/2024\/05\/Post-xeral.jpg","width":1201,"height":1201},{"@type":"BreadcrumbList","@id":"https:\/\/grupo-organistrum.com\/gl\/la-biblioteca-de-galicia-acoge-la-jornada-tecnica-transformando-a-musica-en-patrimonio-en-la-que-participa-laura-tourinan\/#breadcrumb","itemListElement":[{"@type":"ListItem","position":1,"name":"Portada","item":"https:\/\/grupo-organistrum.com\/gl\/"},{"@type":"ListItem","position":2,"name":"A Biblioteca de Galicia acolle a xornada t\u00e9cnica \u00abTransformando a m\u00fasica en patrimonio\u00bb na que participa Laura Touri\u00f1\u00e1n"}]},{"@type":"WebSite","@id":"https:\/\/grupo-organistrum.com\/gl\/#website","url":"https:\/\/grupo-organistrum.com\/gl\/","name":"Organistrum","description":"Grupo de Investigaci\u00f3n","publisher":{"@id":"https:\/\/grupo-organistrum.com\/gl\/#organization"},"potentialAction":[{"@type":"SearchAction","target":{"@type":"EntryPoint","urlTemplate":"https:\/\/grupo-organistrum.com\/gl\/?s={search_term_string}"},"query-input":{"@type":"PropertyValueSpecification","valueRequired":true,"valueName":"search_term_string"}}],"inLanguage":"gl-ES"},{"@type":"Organization","@id":"https:\/\/grupo-organistrum.com\/gl\/#organization","name":"Grupo Organistrum | Grupo de investigaci\u00f3n | GI-2025","url":"https:\/\/grupo-organistrum.com\/gl\/","logo":{"@type":"ImageObject","inLanguage":"gl-ES","@id":"https:\/\/grupo-organistrum.com\/gl\/#\/schema\/logo\/image\/","url":"https:\/\/grupo-organistrum.com\/wp-content\/uploads\/2022\/02\/logo.png","contentUrl":"https:\/\/grupo-organistrum.com\/wp-content\/uploads\/2022\/02\/logo.png","width":464,"height":103,"caption":"Grupo Organistrum | Grupo de investigaci\u00f3n | GI-2025"},"image":{"@id":"https:\/\/grupo-organistrum.com\/gl\/#\/schema\/logo\/image\/"}},{"@type":"Person","@id":"https:\/\/grupo-organistrum.com\/gl\/#\/schema\/person\/3be8e4cf7abe992fdb684a010c316e1c","name":"Laura Touri\u00f1an","image":{"@type":"ImageObject","inLanguage":"gl-ES","@id":"https:\/\/grupo-organistrum.com\/gl\/#\/schema\/person\/image\/","url":"https:\/\/secure.gravatar.com\/avatar\/7e3d8c1f660421aa084fe0512141cd32b70d88542d05643ab2a69286e12e23a0?s=96&d=mm&r=g","contentUrl":"https:\/\/secure.gravatar.com\/avatar\/7e3d8c1f660421aa084fe0512141cd32b70d88542d05643ab2a69286e12e23a0?s=96&d=mm&r=g","caption":"Laura Touri\u00f1an"}}]}},"_links":{"self":[{"href":"https:\/\/grupo-organistrum.com\/gl\/wp-json\/wp\/v2\/posts\/9303","targetHints":{"allow":["GET"]}}],"collection":[{"href":"https:\/\/grupo-organistrum.com\/gl\/wp-json\/wp\/v2\/posts"}],"about":[{"href":"https:\/\/grupo-organistrum.com\/gl\/wp-json\/wp\/v2\/types\/post"}],"author":[{"embeddable":true,"href":"https:\/\/grupo-organistrum.com\/gl\/wp-json\/wp\/v2\/users\/2"}],"replies":[{"embeddable":true,"href":"https:\/\/grupo-organistrum.com\/gl\/wp-json\/wp\/v2\/comments?post=9303"}],"version-history":[{"count":0,"href":"https:\/\/grupo-organistrum.com\/gl\/wp-json\/wp\/v2\/posts\/9303\/revisions"}],"wp:featuredmedia":[{"embeddable":true,"href":"https:\/\/grupo-organistrum.com\/gl\/wp-json\/wp\/v2\/media\/9298"}],"wp:attachment":[{"href":"https:\/\/grupo-organistrum.com\/gl\/wp-json\/wp\/v2\/media?parent=9303"}],"wp:term":[{"taxonomy":"category","embeddable":true,"href":"https:\/\/grupo-organistrum.com\/gl\/wp-json\/wp\/v2\/categories?post=9303"},{"taxonomy":"post_tag","embeddable":true,"href":"https:\/\/grupo-organistrum.com\/gl\/wp-json\/wp\/v2\/tags?post=9303"}],"curies":[{"name":"wp","href":"https:\/\/api.w.org\/{rel}","templated":true}]}}