{"id":9314,"date":"2024-06-05T11:58:30","date_gmt":"2024-06-05T09:58:30","guid":{"rendered":"https:\/\/grupo-organistrum.com\/centenario-de-maria-luisa-nache-conmemorado-en-crtvg\/"},"modified":"2024-06-05T12:00:17","modified_gmt":"2024-06-05T10:00:17","slug":"centenario-de-maria-luisa-nache-conmemorado-en-crtvg","status":"publish","type":"post","link":"https:\/\/grupo-organistrum.com\/gl\/centenario-de-maria-luisa-nache-conmemorado-en-crtvg\/","title":{"rendered":"Centenario de Mar\u00eda Luisa Nache conmemorado na CRTVG"},"content":{"rendered":"\n<p>Centenario da soprano Mar\u00eda Luisa Nache, conmemorado na CRTVG, ca colaboraci\u00f3n da investigadora Mar\u00eda del Carmen Lorenzo Vizca\u00edno.<\/p>\n\n\n\n<p>A cantante galega Maria Lu\u00edsa Nache compartiu o escenario con Maria Callas nun dos grandes momentos de \u00f3pera do s\u00e9culo pasado: a Medea de Cherubini na Scala de Mil\u00e1n. Este ano cel\u00e9brase o centenario do seu nacemento. Nache, unha soprano nacida na Coru\u00f1a, cantou nos mellores teatros de Europa e Am\u00e9rica antes de retirarse\u00a0\u00e1 Coru\u00f1a onde se dedicou a docencia e ao repertorio de m\u00fasica galega, para ela m\u00e1is que unha obriga co pa\u00eds. \u00a0\u00a0<\/p>\n\n\n\n<div class=\"wp-block-buttons is-layout-flex wp-block-buttons-is-layout-flex\">\n<div class=\"wp-block-button\"><a class=\"wp-block-button__link wp-element-button\" href=\"https:\/\/www.g24.gal\/-\/-maria-luisa-nache-o-centenario-dunha-diva-esquecida\" target=\"_blank\" rel=\"noreferrer noopener\">Escoitar noticia<\/a><\/div>\n<\/div>\n","protected":false},"excerpt":{"rendered":"<p>Centenario da soprano Mar\u00eda Luisa Nache, conmemorado na CRTVG, ca colaboraci\u00f3n da investigadora Mar\u00eda del Carmen Lorenzo Vizca\u00edno. A cantante galega Maria Lu\u00edsa Nache compartiu o escenario con Maria Callas nun dos grandes momentos de \u00f3pera do s\u00e9culo pasado: a Medea de Cherubini na Scala de Mil\u00e1n. Este ano cel\u00e9brase o centenario do seu nacemento. &#8230; <a title=\"Centenario de Mar\u00eda Luisa Nache conmemorado na CRTVG\" class=\"read-more\" href=\"https:\/\/grupo-organistrum.com\/gl\/centenario-de-maria-luisa-nache-conmemorado-en-crtvg\/\" aria-label=\"Le m\u00e1is sobre Centenario de Mar\u00eda Luisa Nache conmemorado na CRTVG\">Ler m\u00e1is<\/a><\/p>\n","protected":false},"author":2,"featured_media":9312,"comment_status":"closed","ping_status":"closed","sticky":false,"template":"","format":"standard","meta":{"_acf_changed":false,"footnotes":""},"categories":[2],"tags":[],"class_list":["post-9314","post","type-post","status-publish","format-standard","has-post-thumbnail","hentry","category-grupo-organistrum"],"acf":[],"yoast_head":"<!-- This site is optimized with the Yoast SEO plugin v25.2 - https:\/\/yoast.com\/wordpress\/plugins\/seo\/ -->\n<title>Centenario de Mar\u00eda Luisa Nache conmemorado na CRTVG - Organistrum<\/title>\n<meta name=\"robots\" content=\"index, follow, max-snippet:-1, max-image-preview:large, max-video-preview:-1\" \/>\n<link rel=\"canonical\" href=\"https:\/\/grupo-organistrum.com\/gl\/centenario-de-maria-luisa-nache-conmemorado-en-crtvg\/\" \/>\n<meta property=\"og:locale\" content=\"gl_ES\" \/>\n<meta property=\"og:type\" content=\"article\" \/>\n<meta property=\"og:title\" content=\"Centenario de Mar\u00eda Luisa Nache conmemorado na CRTVG - Organistrum\" \/>\n<meta property=\"og:description\" content=\"Centenario da soprano Mar\u00eda Luisa Nache, conmemorado na CRTVG, ca colaboraci\u00f3n da investigadora Mar\u00eda del Carmen Lorenzo Vizca\u00edno. A cantante galega Maria Lu\u00edsa Nache compartiu o escenario con Maria Callas nun dos grandes momentos de \u00f3pera do s\u00e9culo pasado: a Medea de Cherubini na Scala de Mil\u00e1n. Este ano cel\u00e9brase o centenario do seu nacemento. ... Ler m\u00e1is\" \/>\n<meta property=\"og:url\" content=\"https:\/\/grupo-organistrum.com\/gl\/centenario-de-maria-luisa-nache-conmemorado-en-crtvg\/\" \/>\n<meta property=\"og:site_name\" content=\"Organistrum\" \/>\n<meta property=\"article:published_time\" content=\"2024-06-05T09:58:30+00:00\" \/>\n<meta property=\"article:modified_time\" content=\"2024-06-05T10:00:17+00:00\" \/>\n<meta property=\"og:image\" content=\"https:\/\/grupo-organistrum.com\/wp-content\/uploads\/2024\/06\/SharedScreenshot.jpg\" \/>\n\t<meta property=\"og:image:width\" content=\"1433\" \/>\n\t<meta property=\"og:image:height\" content=\"768\" \/>\n\t<meta property=\"og:image:type\" content=\"image\/jpeg\" \/>\n<meta name=\"author\" content=\"Laura Touri\u00f1an\" \/>\n<meta name=\"twitter:card\" content=\"summary_large_image\" \/>\n<meta name=\"twitter:label1\" content=\"Escrito por\" \/>\n\t<meta name=\"twitter:data1\" content=\"Laura Touri\u00f1an\" \/>\n\t<meta name=\"twitter:label2\" content=\"Tempo de lectura\" \/>\n\t<meta name=\"twitter:data2\" content=\"1 minuto\" \/>\n<script type=\"application\/ld+json\" class=\"yoast-schema-graph\">{\"@context\":\"https:\/\/schema.org\",\"@graph\":[{\"@type\":\"Article\",\"@id\":\"https:\/\/grupo-organistrum.com\/gl\/centenario-de-maria-luisa-nache-conmemorado-en-crtvg\/#article\",\"isPartOf\":{\"@id\":\"https:\/\/grupo-organistrum.com\/gl\/centenario-de-maria-luisa-nache-conmemorado-en-crtvg\/\"},\"author\":{\"name\":\"Laura Touri\u00f1an\",\"@id\":\"https:\/\/grupo-organistrum.com\/gl\/#\/schema\/person\/3be8e4cf7abe992fdb684a010c316e1c\"},\"headline\":\"Centenario de Mar\u00eda Luisa Nache conmemorado na CRTVG\",\"datePublished\":\"2024-06-05T09:58:30+00:00\",\"dateModified\":\"2024-06-05T10:00:17+00:00\",\"mainEntityOfPage\":{\"@id\":\"https:\/\/grupo-organistrum.com\/gl\/centenario-de-maria-luisa-nache-conmemorado-en-crtvg\/\"},\"wordCount\":117,\"publisher\":{\"@id\":\"https:\/\/grupo-organistrum.com\/gl\/#organization\"},\"image\":{\"@id\":\"https:\/\/grupo-organistrum.com\/gl\/centenario-de-maria-luisa-nache-conmemorado-en-crtvg\/#primaryimage\"},\"thumbnailUrl\":\"https:\/\/grupo-organistrum.com\/wp-content\/uploads\/2024\/06\/SharedScreenshot.jpg\",\"articleSection\":[\"Grupo Organistrum\"],\"inLanguage\":\"gl-ES\"},{\"@type\":\"WebPage\",\"@id\":\"https:\/\/grupo-organistrum.com\/gl\/centenario-de-maria-luisa-nache-conmemorado-en-crtvg\/\",\"url\":\"https:\/\/grupo-organistrum.com\/gl\/centenario-de-maria-luisa-nache-conmemorado-en-crtvg\/\",\"name\":\"Centenario de Mar\u00eda Luisa Nache conmemorado na CRTVG - Organistrum\",\"isPartOf\":{\"@id\":\"https:\/\/grupo-organistrum.com\/gl\/#website\"},\"primaryImageOfPage\":{\"@id\":\"https:\/\/grupo-organistrum.com\/gl\/centenario-de-maria-luisa-nache-conmemorado-en-crtvg\/#primaryimage\"},\"image\":{\"@id\":\"https:\/\/grupo-organistrum.com\/gl\/centenario-de-maria-luisa-nache-conmemorado-en-crtvg\/#primaryimage\"},\"thumbnailUrl\":\"https:\/\/grupo-organistrum.com\/wp-content\/uploads\/2024\/06\/SharedScreenshot.jpg\",\"datePublished\":\"2024-06-05T09:58:30+00:00\",\"dateModified\":\"2024-06-05T10:00:17+00:00\",\"breadcrumb\":{\"@id\":\"https:\/\/grupo-organistrum.com\/gl\/centenario-de-maria-luisa-nache-conmemorado-en-crtvg\/#breadcrumb\"},\"inLanguage\":\"gl-ES\",\"potentialAction\":[{\"@type\":\"ReadAction\",\"target\":[\"https:\/\/grupo-organistrum.com\/gl\/centenario-de-maria-luisa-nache-conmemorado-en-crtvg\/\"]}]},{\"@type\":\"ImageObject\",\"inLanguage\":\"gl-ES\",\"@id\":\"https:\/\/grupo-organistrum.com\/gl\/centenario-de-maria-luisa-nache-conmemorado-en-crtvg\/#primaryimage\",\"url\":\"https:\/\/grupo-organistrum.com\/wp-content\/uploads\/2024\/06\/SharedScreenshot.jpg\",\"contentUrl\":\"https:\/\/grupo-organistrum.com\/wp-content\/uploads\/2024\/06\/SharedScreenshot.jpg\",\"width\":1433,\"height\":768},{\"@type\":\"BreadcrumbList\",\"@id\":\"https:\/\/grupo-organistrum.com\/gl\/centenario-de-maria-luisa-nache-conmemorado-en-crtvg\/#breadcrumb\",\"itemListElement\":[{\"@type\":\"ListItem\",\"position\":1,\"name\":\"Portada\",\"item\":\"https:\/\/grupo-organistrum.com\/gl\/\"},{\"@type\":\"ListItem\",\"position\":2,\"name\":\"Centenario de Mar\u00eda Luisa Nache conmemorado na CRTVG\"}]},{\"@type\":\"WebSite\",\"@id\":\"https:\/\/grupo-organistrum.com\/gl\/#website\",\"url\":\"https:\/\/grupo-organistrum.com\/gl\/\",\"name\":\"Organistrum\",\"description\":\"Grupo de Investigaci\u00f3n\",\"publisher\":{\"@id\":\"https:\/\/grupo-organistrum.com\/gl\/#organization\"},\"potentialAction\":[{\"@type\":\"SearchAction\",\"target\":{\"@type\":\"EntryPoint\",\"urlTemplate\":\"https:\/\/grupo-organistrum.com\/gl\/?s={search_term_string}\"},\"query-input\":{\"@type\":\"PropertyValueSpecification\",\"valueRequired\":true,\"valueName\":\"search_term_string\"}}],\"inLanguage\":\"gl-ES\"},{\"@type\":\"Organization\",\"@id\":\"https:\/\/grupo-organistrum.com\/gl\/#organization\",\"name\":\"Grupo Organistrum | Grupo de investigaci\u00f3n | GI-2025\",\"url\":\"https:\/\/grupo-organistrum.com\/gl\/\",\"logo\":{\"@type\":\"ImageObject\",\"inLanguage\":\"gl-ES\",\"@id\":\"https:\/\/grupo-organistrum.com\/gl\/#\/schema\/logo\/image\/\",\"url\":\"https:\/\/grupo-organistrum.com\/wp-content\/uploads\/2022\/02\/logo.png\",\"contentUrl\":\"https:\/\/grupo-organistrum.com\/wp-content\/uploads\/2022\/02\/logo.png\",\"width\":464,\"height\":103,\"caption\":\"Grupo Organistrum | Grupo de investigaci\u00f3n | GI-2025\"},\"image\":{\"@id\":\"https:\/\/grupo-organistrum.com\/gl\/#\/schema\/logo\/image\/\"}},{\"@type\":\"Person\",\"@id\":\"https:\/\/grupo-organistrum.com\/gl\/#\/schema\/person\/3be8e4cf7abe992fdb684a010c316e1c\",\"name\":\"Laura Touri\u00f1an\",\"image\":{\"@type\":\"ImageObject\",\"inLanguage\":\"gl-ES\",\"@id\":\"https:\/\/grupo-organistrum.com\/gl\/#\/schema\/person\/image\/\",\"url\":\"https:\/\/secure.gravatar.com\/avatar\/7e3d8c1f660421aa084fe0512141cd32b70d88542d05643ab2a69286e12e23a0?s=96&d=mm&r=g\",\"contentUrl\":\"https:\/\/secure.gravatar.com\/avatar\/7e3d8c1f660421aa084fe0512141cd32b70d88542d05643ab2a69286e12e23a0?s=96&d=mm&r=g\",\"caption\":\"Laura Touri\u00f1an\"}}]}<\/script>\n<!-- \/ Yoast SEO plugin. -->","yoast_head_json":{"title":"Centenario de Mar\u00eda Luisa Nache conmemorado na CRTVG - Organistrum","robots":{"index":"index","follow":"follow","max-snippet":"max-snippet:-1","max-image-preview":"max-image-preview:large","max-video-preview":"max-video-preview:-1"},"canonical":"https:\/\/grupo-organistrum.com\/gl\/centenario-de-maria-luisa-nache-conmemorado-en-crtvg\/","og_locale":"gl_ES","og_type":"article","og_title":"Centenario de Mar\u00eda Luisa Nache conmemorado na CRTVG - Organistrum","og_description":"Centenario da soprano Mar\u00eda Luisa Nache, conmemorado na CRTVG, ca colaboraci\u00f3n da investigadora Mar\u00eda del Carmen Lorenzo Vizca\u00edno. A cantante galega Maria Lu\u00edsa Nache compartiu o escenario con Maria Callas nun dos grandes momentos de \u00f3pera do s\u00e9culo pasado: a Medea de Cherubini na Scala de Mil\u00e1n. Este ano cel\u00e9brase o centenario do seu nacemento. ... Ler m\u00e1is","og_url":"https:\/\/grupo-organistrum.com\/gl\/centenario-de-maria-luisa-nache-conmemorado-en-crtvg\/","og_site_name":"Organistrum","article_published_time":"2024-06-05T09:58:30+00:00","article_modified_time":"2024-06-05T10:00:17+00:00","og_image":[{"width":1433,"height":768,"url":"https:\/\/grupo-organistrum.com\/wp-content\/uploads\/2024\/06\/SharedScreenshot.jpg","type":"image\/jpeg"}],"author":"Laura Touri\u00f1an","twitter_card":"summary_large_image","twitter_misc":{"Escrito por":"Laura Touri\u00f1an","Tempo de lectura":"1 minuto"},"schema":{"@context":"https:\/\/schema.org","@graph":[{"@type":"Article","@id":"https:\/\/grupo-organistrum.com\/gl\/centenario-de-maria-luisa-nache-conmemorado-en-crtvg\/#article","isPartOf":{"@id":"https:\/\/grupo-organistrum.com\/gl\/centenario-de-maria-luisa-nache-conmemorado-en-crtvg\/"},"author":{"name":"Laura Touri\u00f1an","@id":"https:\/\/grupo-organistrum.com\/gl\/#\/schema\/person\/3be8e4cf7abe992fdb684a010c316e1c"},"headline":"Centenario de Mar\u00eda Luisa Nache conmemorado na CRTVG","datePublished":"2024-06-05T09:58:30+00:00","dateModified":"2024-06-05T10:00:17+00:00","mainEntityOfPage":{"@id":"https:\/\/grupo-organistrum.com\/gl\/centenario-de-maria-luisa-nache-conmemorado-en-crtvg\/"},"wordCount":117,"publisher":{"@id":"https:\/\/grupo-organistrum.com\/gl\/#organization"},"image":{"@id":"https:\/\/grupo-organistrum.com\/gl\/centenario-de-maria-luisa-nache-conmemorado-en-crtvg\/#primaryimage"},"thumbnailUrl":"https:\/\/grupo-organistrum.com\/wp-content\/uploads\/2024\/06\/SharedScreenshot.jpg","articleSection":["Grupo Organistrum"],"inLanguage":"gl-ES"},{"@type":"WebPage","@id":"https:\/\/grupo-organistrum.com\/gl\/centenario-de-maria-luisa-nache-conmemorado-en-crtvg\/","url":"https:\/\/grupo-organistrum.com\/gl\/centenario-de-maria-luisa-nache-conmemorado-en-crtvg\/","name":"Centenario de Mar\u00eda Luisa Nache conmemorado na CRTVG - Organistrum","isPartOf":{"@id":"https:\/\/grupo-organistrum.com\/gl\/#website"},"primaryImageOfPage":{"@id":"https:\/\/grupo-organistrum.com\/gl\/centenario-de-maria-luisa-nache-conmemorado-en-crtvg\/#primaryimage"},"image":{"@id":"https:\/\/grupo-organistrum.com\/gl\/centenario-de-maria-luisa-nache-conmemorado-en-crtvg\/#primaryimage"},"thumbnailUrl":"https:\/\/grupo-organistrum.com\/wp-content\/uploads\/2024\/06\/SharedScreenshot.jpg","datePublished":"2024-06-05T09:58:30+00:00","dateModified":"2024-06-05T10:00:17+00:00","breadcrumb":{"@id":"https:\/\/grupo-organistrum.com\/gl\/centenario-de-maria-luisa-nache-conmemorado-en-crtvg\/#breadcrumb"},"inLanguage":"gl-ES","potentialAction":[{"@type":"ReadAction","target":["https:\/\/grupo-organistrum.com\/gl\/centenario-de-maria-luisa-nache-conmemorado-en-crtvg\/"]}]},{"@type":"ImageObject","inLanguage":"gl-ES","@id":"https:\/\/grupo-organistrum.com\/gl\/centenario-de-maria-luisa-nache-conmemorado-en-crtvg\/#primaryimage","url":"https:\/\/grupo-organistrum.com\/wp-content\/uploads\/2024\/06\/SharedScreenshot.jpg","contentUrl":"https:\/\/grupo-organistrum.com\/wp-content\/uploads\/2024\/06\/SharedScreenshot.jpg","width":1433,"height":768},{"@type":"BreadcrumbList","@id":"https:\/\/grupo-organistrum.com\/gl\/centenario-de-maria-luisa-nache-conmemorado-en-crtvg\/#breadcrumb","itemListElement":[{"@type":"ListItem","position":1,"name":"Portada","item":"https:\/\/grupo-organistrum.com\/gl\/"},{"@type":"ListItem","position":2,"name":"Centenario de Mar\u00eda Luisa Nache conmemorado na CRTVG"}]},{"@type":"WebSite","@id":"https:\/\/grupo-organistrum.com\/gl\/#website","url":"https:\/\/grupo-organistrum.com\/gl\/","name":"Organistrum","description":"Grupo de Investigaci\u00f3n","publisher":{"@id":"https:\/\/grupo-organistrum.com\/gl\/#organization"},"potentialAction":[{"@type":"SearchAction","target":{"@type":"EntryPoint","urlTemplate":"https:\/\/grupo-organistrum.com\/gl\/?s={search_term_string}"},"query-input":{"@type":"PropertyValueSpecification","valueRequired":true,"valueName":"search_term_string"}}],"inLanguage":"gl-ES"},{"@type":"Organization","@id":"https:\/\/grupo-organistrum.com\/gl\/#organization","name":"Grupo Organistrum | Grupo de investigaci\u00f3n | GI-2025","url":"https:\/\/grupo-organistrum.com\/gl\/","logo":{"@type":"ImageObject","inLanguage":"gl-ES","@id":"https:\/\/grupo-organistrum.com\/gl\/#\/schema\/logo\/image\/","url":"https:\/\/grupo-organistrum.com\/wp-content\/uploads\/2022\/02\/logo.png","contentUrl":"https:\/\/grupo-organistrum.com\/wp-content\/uploads\/2022\/02\/logo.png","width":464,"height":103,"caption":"Grupo Organistrum | Grupo de investigaci\u00f3n | GI-2025"},"image":{"@id":"https:\/\/grupo-organistrum.com\/gl\/#\/schema\/logo\/image\/"}},{"@type":"Person","@id":"https:\/\/grupo-organistrum.com\/gl\/#\/schema\/person\/3be8e4cf7abe992fdb684a010c316e1c","name":"Laura Touri\u00f1an","image":{"@type":"ImageObject","inLanguage":"gl-ES","@id":"https:\/\/grupo-organistrum.com\/gl\/#\/schema\/person\/image\/","url":"https:\/\/secure.gravatar.com\/avatar\/7e3d8c1f660421aa084fe0512141cd32b70d88542d05643ab2a69286e12e23a0?s=96&d=mm&r=g","contentUrl":"https:\/\/secure.gravatar.com\/avatar\/7e3d8c1f660421aa084fe0512141cd32b70d88542d05643ab2a69286e12e23a0?s=96&d=mm&r=g","caption":"Laura Touri\u00f1an"}}]}},"_links":{"self":[{"href":"https:\/\/grupo-organistrum.com\/gl\/wp-json\/wp\/v2\/posts\/9314","targetHints":{"allow":["GET"]}}],"collection":[{"href":"https:\/\/grupo-organistrum.com\/gl\/wp-json\/wp\/v2\/posts"}],"about":[{"href":"https:\/\/grupo-organistrum.com\/gl\/wp-json\/wp\/v2\/types\/post"}],"author":[{"embeddable":true,"href":"https:\/\/grupo-organistrum.com\/gl\/wp-json\/wp\/v2\/users\/2"}],"replies":[{"embeddable":true,"href":"https:\/\/grupo-organistrum.com\/gl\/wp-json\/wp\/v2\/comments?post=9314"}],"version-history":[{"count":0,"href":"https:\/\/grupo-organistrum.com\/gl\/wp-json\/wp\/v2\/posts\/9314\/revisions"}],"wp:featuredmedia":[{"embeddable":true,"href":"https:\/\/grupo-organistrum.com\/gl\/wp-json\/wp\/v2\/media\/9312"}],"wp:attachment":[{"href":"https:\/\/grupo-organistrum.com\/gl\/wp-json\/wp\/v2\/media?parent=9314"}],"wp:term":[{"taxonomy":"category","embeddable":true,"href":"https:\/\/grupo-organistrum.com\/gl\/wp-json\/wp\/v2\/categories?post=9314"},{"taxonomy":"post_tag","embeddable":true,"href":"https:\/\/grupo-organistrum.com\/gl\/wp-json\/wp\/v2\/tags?post=9314"}],"curies":[{"name":"wp","href":"https:\/\/api.w.org\/{rel}","templated":true}]}}