{"id":9339,"date":"2024-06-13T17:01:15","date_gmt":"2024-06-13T15:01:15","guid":{"rendered":"https:\/\/grupo-organistrum.com\/el-patrimonio-artistico-del-compositor-vigues-enrique-x-macias-sera-trasladado-a-la-usc\/"},"modified":"2024-06-13T17:04:46","modified_gmt":"2024-06-13T15:04:46","slug":"el-patrimonio-artistico-del-compositor-vigues-enrique-x-macias-sera-trasladado-a-la-usc","status":"publish","type":"post","link":"https:\/\/grupo-organistrum.com\/gl\/el-patrimonio-artistico-del-compositor-vigues-enrique-x-macias-sera-trasladado-a-la-usc\/","title":{"rendered":"O patrimonio art\u00edstico do compositor vigu\u00e9s Enrique X. Mac\u00edas ser\u00e1 trasladado \u00e1 USC"},"content":{"rendered":"\n<p>O peri\u00f3dico Faro de Vigo faise eco do traslado do fondo do compositor Enrique X. Mac\u00edas \u00e1 Biblioteca da USC gracias ao labor do investigador Roberto Oliveira Ogando e a trav\u00e9s do Grupo Organistrum.<\/p>\n\n\n\n<div class=\"wp-block-buttons is-layout-flex wp-block-buttons-is-layout-flex\">\n<div class=\"wp-block-button\"><a class=\"wp-block-button__link wp-element-button\" href=\"https:\/\/www.farodevigo.es\/gran-vigo\/2024\/06\/10\/patrimonio-artistico-compositor-vigues-enrique-103564042.html\" target=\"_blank\" rel=\"noreferrer noopener\">Leer noticia<\/a><\/div>\n<\/div>\n\n\n\n<div data-wp-interactive=\"core\/file\" class=\"wp-block-file\"><object data-wp-bind--hidden=\"!state.hasPdfPreview\" hidden class=\"wp-block-file__embed\" data=\"https:\/\/grupo-organistrum.com\/wp-content\/uploads\/2024\/06\/20240610017RobertoMacias.pdf\" type=\"application\/pdf\" style=\"width:100%;height:600px\" aria-label=\"Incrustado de 20240610017RobertoMacias.\"><\/object><a id=\"wp-block-file--media-e0330826-3c86-4795-9c3a-680de4287476\" href=\"https:\/\/grupo-organistrum.com\/wp-content\/uploads\/2024\/06\/20240610017RobertoMacias.pdf\">20240610017RobertoMacias<\/a><a href=\"https:\/\/grupo-organistrum.com\/wp-content\/uploads\/2024\/06\/20240610017RobertoMacias.pdf\" class=\"wp-block-file__button wp-element-button\" download aria-describedby=\"wp-block-file--media-e0330826-3c86-4795-9c3a-680de4287476\">Descarga<\/a><\/div>\n","protected":false},"excerpt":{"rendered":"<p>O peri\u00f3dico Faro de Vigo faise eco do traslado do fondo do compositor Enrique X. Mac\u00edas \u00e1 Biblioteca da USC gracias ao labor do investigador Roberto Oliveira Ogando e a trav\u00e9s do Grupo Organistrum.<\/p>\n","protected":false},"author":2,"featured_media":9338,"comment_status":"closed","ping_status":"closed","sticky":false,"template":"","format":"standard","meta":{"_acf_changed":false,"footnotes":""},"categories":[2],"tags":[],"class_list":["post-9339","post","type-post","status-publish","format-standard","has-post-thumbnail","hentry","category-grupo-organistrum"],"acf":[],"yoast_head":"<!-- This site is optimized with the Yoast SEO plugin v25.2 - https:\/\/yoast.com\/wordpress\/plugins\/seo\/ -->\n<title>O patrimonio art\u00edstico do compositor vigu\u00e9s Enrique X. Mac\u00edas ser\u00e1 trasladado \u00e1 USC - Organistrum<\/title>\n<meta name=\"robots\" content=\"index, follow, max-snippet:-1, max-image-preview:large, max-video-preview:-1\" \/>\n<link rel=\"canonical\" href=\"https:\/\/grupo-organistrum.com\/gl\/el-patrimonio-artistico-del-compositor-vigues-enrique-x-macias-sera-trasladado-a-la-usc\/\" \/>\n<meta property=\"og:locale\" content=\"gl_ES\" \/>\n<meta property=\"og:type\" content=\"article\" \/>\n<meta property=\"og:title\" content=\"O patrimonio art\u00edstico do compositor vigu\u00e9s Enrique X. Mac\u00edas ser\u00e1 trasladado \u00e1 USC - Organistrum\" \/>\n<meta property=\"og:description\" content=\"O peri\u00f3dico Faro de Vigo faise eco do traslado do fondo do compositor Enrique X. Mac\u00edas \u00e1 Biblioteca da USC gracias ao labor do investigador Roberto Oliveira Ogando e a trav\u00e9s do Grupo Organistrum.\" \/>\n<meta property=\"og:url\" content=\"https:\/\/grupo-organistrum.com\/gl\/el-patrimonio-artistico-del-compositor-vigues-enrique-x-macias-sera-trasladado-a-la-usc\/\" \/>\n<meta property=\"og:site_name\" content=\"Organistrum\" \/>\n<meta property=\"article:published_time\" content=\"2024-06-13T15:01:15+00:00\" \/>\n<meta property=\"article:modified_time\" content=\"2024-06-13T15:04:46+00:00\" \/>\n<meta property=\"og:image\" content=\"https:\/\/grupo-organistrum.com\/wp-content\/uploads\/2024\/06\/20240610017RobertoMacias-b-1.jpg\" \/>\n\t<meta property=\"og:image:width\" content=\"802\" \/>\n\t<meta property=\"og:image:height\" content=\"677\" \/>\n\t<meta property=\"og:image:type\" content=\"image\/jpeg\" \/>\n<meta name=\"author\" content=\"Laura Touri\u00f1an\" \/>\n<meta name=\"twitter:card\" content=\"summary_large_image\" \/>\n<meta name=\"twitter:label1\" content=\"Escrito por\" \/>\n\t<meta name=\"twitter:data1\" content=\"Laura Touri\u00f1an\" \/>\n<script type=\"application\/ld+json\" class=\"yoast-schema-graph\">{\"@context\":\"https:\/\/schema.org\",\"@graph\":[{\"@type\":\"Article\",\"@id\":\"https:\/\/grupo-organistrum.com\/gl\/el-patrimonio-artistico-del-compositor-vigues-enrique-x-macias-sera-trasladado-a-la-usc\/#article\",\"isPartOf\":{\"@id\":\"https:\/\/grupo-organistrum.com\/gl\/el-patrimonio-artistico-del-compositor-vigues-enrique-x-macias-sera-trasladado-a-la-usc\/\"},\"author\":{\"name\":\"Laura Touri\u00f1an\",\"@id\":\"https:\/\/grupo-organistrum.com\/gl\/#\/schema\/person\/3be8e4cf7abe992fdb684a010c316e1c\"},\"headline\":\"O patrimonio art\u00edstico do compositor vigu\u00e9s Enrique X. Mac\u00edas ser\u00e1 trasladado \u00e1 USC\",\"datePublished\":\"2024-06-13T15:01:15+00:00\",\"dateModified\":\"2024-06-13T15:04:46+00:00\",\"mainEntityOfPage\":{\"@id\":\"https:\/\/grupo-organistrum.com\/gl\/el-patrimonio-artistico-del-compositor-vigues-enrique-x-macias-sera-trasladado-a-la-usc\/\"},\"wordCount\":55,\"publisher\":{\"@id\":\"https:\/\/grupo-organistrum.com\/gl\/#organization\"},\"image\":{\"@id\":\"https:\/\/grupo-organistrum.com\/gl\/el-patrimonio-artistico-del-compositor-vigues-enrique-x-macias-sera-trasladado-a-la-usc\/#primaryimage\"},\"thumbnailUrl\":\"https:\/\/grupo-organistrum.com\/wp-content\/uploads\/2024\/06\/20240610017RobertoMacias-b-1.jpg\",\"articleSection\":[\"Grupo Organistrum\"],\"inLanguage\":\"gl-ES\"},{\"@type\":\"WebPage\",\"@id\":\"https:\/\/grupo-organistrum.com\/gl\/el-patrimonio-artistico-del-compositor-vigues-enrique-x-macias-sera-trasladado-a-la-usc\/\",\"url\":\"https:\/\/grupo-organistrum.com\/gl\/el-patrimonio-artistico-del-compositor-vigues-enrique-x-macias-sera-trasladado-a-la-usc\/\",\"name\":\"O patrimonio art\u00edstico do compositor vigu\u00e9s Enrique X. Mac\u00edas ser\u00e1 trasladado \u00e1 USC - Organistrum\",\"isPartOf\":{\"@id\":\"https:\/\/grupo-organistrum.com\/gl\/#website\"},\"primaryImageOfPage\":{\"@id\":\"https:\/\/grupo-organistrum.com\/gl\/el-patrimonio-artistico-del-compositor-vigues-enrique-x-macias-sera-trasladado-a-la-usc\/#primaryimage\"},\"image\":{\"@id\":\"https:\/\/grupo-organistrum.com\/gl\/el-patrimonio-artistico-del-compositor-vigues-enrique-x-macias-sera-trasladado-a-la-usc\/#primaryimage\"},\"thumbnailUrl\":\"https:\/\/grupo-organistrum.com\/wp-content\/uploads\/2024\/06\/20240610017RobertoMacias-b-1.jpg\",\"datePublished\":\"2024-06-13T15:01:15+00:00\",\"dateModified\":\"2024-06-13T15:04:46+00:00\",\"breadcrumb\":{\"@id\":\"https:\/\/grupo-organistrum.com\/gl\/el-patrimonio-artistico-del-compositor-vigues-enrique-x-macias-sera-trasladado-a-la-usc\/#breadcrumb\"},\"inLanguage\":\"gl-ES\",\"potentialAction\":[{\"@type\":\"ReadAction\",\"target\":[\"https:\/\/grupo-organistrum.com\/gl\/el-patrimonio-artistico-del-compositor-vigues-enrique-x-macias-sera-trasladado-a-la-usc\/\"]}]},{\"@type\":\"ImageObject\",\"inLanguage\":\"gl-ES\",\"@id\":\"https:\/\/grupo-organistrum.com\/gl\/el-patrimonio-artistico-del-compositor-vigues-enrique-x-macias-sera-trasladado-a-la-usc\/#primaryimage\",\"url\":\"https:\/\/grupo-organistrum.com\/wp-content\/uploads\/2024\/06\/20240610017RobertoMacias-b-1.jpg\",\"contentUrl\":\"https:\/\/grupo-organistrum.com\/wp-content\/uploads\/2024\/06\/20240610017RobertoMacias-b-1.jpg\",\"width\":802,\"height\":677},{\"@type\":\"BreadcrumbList\",\"@id\":\"https:\/\/grupo-organistrum.com\/gl\/el-patrimonio-artistico-del-compositor-vigues-enrique-x-macias-sera-trasladado-a-la-usc\/#breadcrumb\",\"itemListElement\":[{\"@type\":\"ListItem\",\"position\":1,\"name\":\"Portada\",\"item\":\"https:\/\/grupo-organistrum.com\/gl\/\"},{\"@type\":\"ListItem\",\"position\":2,\"name\":\"O patrimonio art\u00edstico do compositor vigu\u00e9s Enrique X. Mac\u00edas ser\u00e1 trasladado \u00e1 USC\"}]},{\"@type\":\"WebSite\",\"@id\":\"https:\/\/grupo-organistrum.com\/gl\/#website\",\"url\":\"https:\/\/grupo-organistrum.com\/gl\/\",\"name\":\"Organistrum\",\"description\":\"Grupo de Investigaci\u00f3n\",\"publisher\":{\"@id\":\"https:\/\/grupo-organistrum.com\/gl\/#organization\"},\"potentialAction\":[{\"@type\":\"SearchAction\",\"target\":{\"@type\":\"EntryPoint\",\"urlTemplate\":\"https:\/\/grupo-organistrum.com\/gl\/?s={search_term_string}\"},\"query-input\":{\"@type\":\"PropertyValueSpecification\",\"valueRequired\":true,\"valueName\":\"search_term_string\"}}],\"inLanguage\":\"gl-ES\"},{\"@type\":\"Organization\",\"@id\":\"https:\/\/grupo-organistrum.com\/gl\/#organization\",\"name\":\"Grupo Organistrum | Grupo de investigaci\u00f3n | GI-2025\",\"url\":\"https:\/\/grupo-organistrum.com\/gl\/\",\"logo\":{\"@type\":\"ImageObject\",\"inLanguage\":\"gl-ES\",\"@id\":\"https:\/\/grupo-organistrum.com\/gl\/#\/schema\/logo\/image\/\",\"url\":\"https:\/\/grupo-organistrum.com\/wp-content\/uploads\/2022\/02\/logo.png\",\"contentUrl\":\"https:\/\/grupo-organistrum.com\/wp-content\/uploads\/2022\/02\/logo.png\",\"width\":464,\"height\":103,\"caption\":\"Grupo Organistrum | Grupo de investigaci\u00f3n | GI-2025\"},\"image\":{\"@id\":\"https:\/\/grupo-organistrum.com\/gl\/#\/schema\/logo\/image\/\"}},{\"@type\":\"Person\",\"@id\":\"https:\/\/grupo-organistrum.com\/gl\/#\/schema\/person\/3be8e4cf7abe992fdb684a010c316e1c\",\"name\":\"Laura Touri\u00f1an\",\"image\":{\"@type\":\"ImageObject\",\"inLanguage\":\"gl-ES\",\"@id\":\"https:\/\/grupo-organistrum.com\/gl\/#\/schema\/person\/image\/\",\"url\":\"https:\/\/secure.gravatar.com\/avatar\/7e3d8c1f660421aa084fe0512141cd32b70d88542d05643ab2a69286e12e23a0?s=96&d=mm&r=g\",\"contentUrl\":\"https:\/\/secure.gravatar.com\/avatar\/7e3d8c1f660421aa084fe0512141cd32b70d88542d05643ab2a69286e12e23a0?s=96&d=mm&r=g\",\"caption\":\"Laura Touri\u00f1an\"}}]}<\/script>\n<!-- \/ Yoast SEO plugin. -->","yoast_head_json":{"title":"O patrimonio art\u00edstico do compositor vigu\u00e9s Enrique X. Mac\u00edas ser\u00e1 trasladado \u00e1 USC - Organistrum","robots":{"index":"index","follow":"follow","max-snippet":"max-snippet:-1","max-image-preview":"max-image-preview:large","max-video-preview":"max-video-preview:-1"},"canonical":"https:\/\/grupo-organistrum.com\/gl\/el-patrimonio-artistico-del-compositor-vigues-enrique-x-macias-sera-trasladado-a-la-usc\/","og_locale":"gl_ES","og_type":"article","og_title":"O patrimonio art\u00edstico do compositor vigu\u00e9s Enrique X. Mac\u00edas ser\u00e1 trasladado \u00e1 USC - Organistrum","og_description":"O peri\u00f3dico Faro de Vigo faise eco do traslado do fondo do compositor Enrique X. Mac\u00edas \u00e1 Biblioteca da USC gracias ao labor do investigador Roberto Oliveira Ogando e a trav\u00e9s do Grupo Organistrum.","og_url":"https:\/\/grupo-organistrum.com\/gl\/el-patrimonio-artistico-del-compositor-vigues-enrique-x-macias-sera-trasladado-a-la-usc\/","og_site_name":"Organistrum","article_published_time":"2024-06-13T15:01:15+00:00","article_modified_time":"2024-06-13T15:04:46+00:00","og_image":[{"width":802,"height":677,"url":"https:\/\/grupo-organistrum.com\/wp-content\/uploads\/2024\/06\/20240610017RobertoMacias-b-1.jpg","type":"image\/jpeg"}],"author":"Laura Touri\u00f1an","twitter_card":"summary_large_image","twitter_misc":{"Escrito por":"Laura Touri\u00f1an"},"schema":{"@context":"https:\/\/schema.org","@graph":[{"@type":"Article","@id":"https:\/\/grupo-organistrum.com\/gl\/el-patrimonio-artistico-del-compositor-vigues-enrique-x-macias-sera-trasladado-a-la-usc\/#article","isPartOf":{"@id":"https:\/\/grupo-organistrum.com\/gl\/el-patrimonio-artistico-del-compositor-vigues-enrique-x-macias-sera-trasladado-a-la-usc\/"},"author":{"name":"Laura Touri\u00f1an","@id":"https:\/\/grupo-organistrum.com\/gl\/#\/schema\/person\/3be8e4cf7abe992fdb684a010c316e1c"},"headline":"O patrimonio art\u00edstico do compositor vigu\u00e9s Enrique X. Mac\u00edas ser\u00e1 trasladado \u00e1 USC","datePublished":"2024-06-13T15:01:15+00:00","dateModified":"2024-06-13T15:04:46+00:00","mainEntityOfPage":{"@id":"https:\/\/grupo-organistrum.com\/gl\/el-patrimonio-artistico-del-compositor-vigues-enrique-x-macias-sera-trasladado-a-la-usc\/"},"wordCount":55,"publisher":{"@id":"https:\/\/grupo-organistrum.com\/gl\/#organization"},"image":{"@id":"https:\/\/grupo-organistrum.com\/gl\/el-patrimonio-artistico-del-compositor-vigues-enrique-x-macias-sera-trasladado-a-la-usc\/#primaryimage"},"thumbnailUrl":"https:\/\/grupo-organistrum.com\/wp-content\/uploads\/2024\/06\/20240610017RobertoMacias-b-1.jpg","articleSection":["Grupo Organistrum"],"inLanguage":"gl-ES"},{"@type":"WebPage","@id":"https:\/\/grupo-organistrum.com\/gl\/el-patrimonio-artistico-del-compositor-vigues-enrique-x-macias-sera-trasladado-a-la-usc\/","url":"https:\/\/grupo-organistrum.com\/gl\/el-patrimonio-artistico-del-compositor-vigues-enrique-x-macias-sera-trasladado-a-la-usc\/","name":"O patrimonio art\u00edstico do compositor vigu\u00e9s Enrique X. Mac\u00edas ser\u00e1 trasladado \u00e1 USC - Organistrum","isPartOf":{"@id":"https:\/\/grupo-organistrum.com\/gl\/#website"},"primaryImageOfPage":{"@id":"https:\/\/grupo-organistrum.com\/gl\/el-patrimonio-artistico-del-compositor-vigues-enrique-x-macias-sera-trasladado-a-la-usc\/#primaryimage"},"image":{"@id":"https:\/\/grupo-organistrum.com\/gl\/el-patrimonio-artistico-del-compositor-vigues-enrique-x-macias-sera-trasladado-a-la-usc\/#primaryimage"},"thumbnailUrl":"https:\/\/grupo-organistrum.com\/wp-content\/uploads\/2024\/06\/20240610017RobertoMacias-b-1.jpg","datePublished":"2024-06-13T15:01:15+00:00","dateModified":"2024-06-13T15:04:46+00:00","breadcrumb":{"@id":"https:\/\/grupo-organistrum.com\/gl\/el-patrimonio-artistico-del-compositor-vigues-enrique-x-macias-sera-trasladado-a-la-usc\/#breadcrumb"},"inLanguage":"gl-ES","potentialAction":[{"@type":"ReadAction","target":["https:\/\/grupo-organistrum.com\/gl\/el-patrimonio-artistico-del-compositor-vigues-enrique-x-macias-sera-trasladado-a-la-usc\/"]}]},{"@type":"ImageObject","inLanguage":"gl-ES","@id":"https:\/\/grupo-organistrum.com\/gl\/el-patrimonio-artistico-del-compositor-vigues-enrique-x-macias-sera-trasladado-a-la-usc\/#primaryimage","url":"https:\/\/grupo-organistrum.com\/wp-content\/uploads\/2024\/06\/20240610017RobertoMacias-b-1.jpg","contentUrl":"https:\/\/grupo-organistrum.com\/wp-content\/uploads\/2024\/06\/20240610017RobertoMacias-b-1.jpg","width":802,"height":677},{"@type":"BreadcrumbList","@id":"https:\/\/grupo-organistrum.com\/gl\/el-patrimonio-artistico-del-compositor-vigues-enrique-x-macias-sera-trasladado-a-la-usc\/#breadcrumb","itemListElement":[{"@type":"ListItem","position":1,"name":"Portada","item":"https:\/\/grupo-organistrum.com\/gl\/"},{"@type":"ListItem","position":2,"name":"O patrimonio art\u00edstico do compositor vigu\u00e9s Enrique X. Mac\u00edas ser\u00e1 trasladado \u00e1 USC"}]},{"@type":"WebSite","@id":"https:\/\/grupo-organistrum.com\/gl\/#website","url":"https:\/\/grupo-organistrum.com\/gl\/","name":"Organistrum","description":"Grupo de Investigaci\u00f3n","publisher":{"@id":"https:\/\/grupo-organistrum.com\/gl\/#organization"},"potentialAction":[{"@type":"SearchAction","target":{"@type":"EntryPoint","urlTemplate":"https:\/\/grupo-organistrum.com\/gl\/?s={search_term_string}"},"query-input":{"@type":"PropertyValueSpecification","valueRequired":true,"valueName":"search_term_string"}}],"inLanguage":"gl-ES"},{"@type":"Organization","@id":"https:\/\/grupo-organistrum.com\/gl\/#organization","name":"Grupo Organistrum | Grupo de investigaci\u00f3n | GI-2025","url":"https:\/\/grupo-organistrum.com\/gl\/","logo":{"@type":"ImageObject","inLanguage":"gl-ES","@id":"https:\/\/grupo-organistrum.com\/gl\/#\/schema\/logo\/image\/","url":"https:\/\/grupo-organistrum.com\/wp-content\/uploads\/2022\/02\/logo.png","contentUrl":"https:\/\/grupo-organistrum.com\/wp-content\/uploads\/2022\/02\/logo.png","width":464,"height":103,"caption":"Grupo Organistrum | Grupo de investigaci\u00f3n | GI-2025"},"image":{"@id":"https:\/\/grupo-organistrum.com\/gl\/#\/schema\/logo\/image\/"}},{"@type":"Person","@id":"https:\/\/grupo-organistrum.com\/gl\/#\/schema\/person\/3be8e4cf7abe992fdb684a010c316e1c","name":"Laura Touri\u00f1an","image":{"@type":"ImageObject","inLanguage":"gl-ES","@id":"https:\/\/grupo-organistrum.com\/gl\/#\/schema\/person\/image\/","url":"https:\/\/secure.gravatar.com\/avatar\/7e3d8c1f660421aa084fe0512141cd32b70d88542d05643ab2a69286e12e23a0?s=96&d=mm&r=g","contentUrl":"https:\/\/secure.gravatar.com\/avatar\/7e3d8c1f660421aa084fe0512141cd32b70d88542d05643ab2a69286e12e23a0?s=96&d=mm&r=g","caption":"Laura Touri\u00f1an"}}]}},"_links":{"self":[{"href":"https:\/\/grupo-organistrum.com\/gl\/wp-json\/wp\/v2\/posts\/9339","targetHints":{"allow":["GET"]}}],"collection":[{"href":"https:\/\/grupo-organistrum.com\/gl\/wp-json\/wp\/v2\/posts"}],"about":[{"href":"https:\/\/grupo-organistrum.com\/gl\/wp-json\/wp\/v2\/types\/post"}],"author":[{"embeddable":true,"href":"https:\/\/grupo-organistrum.com\/gl\/wp-json\/wp\/v2\/users\/2"}],"replies":[{"embeddable":true,"href":"https:\/\/grupo-organistrum.com\/gl\/wp-json\/wp\/v2\/comments?post=9339"}],"version-history":[{"count":0,"href":"https:\/\/grupo-organistrum.com\/gl\/wp-json\/wp\/v2\/posts\/9339\/revisions"}],"wp:featuredmedia":[{"embeddable":true,"href":"https:\/\/grupo-organistrum.com\/gl\/wp-json\/wp\/v2\/media\/9338"}],"wp:attachment":[{"href":"https:\/\/grupo-organistrum.com\/gl\/wp-json\/wp\/v2\/media?parent=9339"}],"wp:term":[{"taxonomy":"category","embeddable":true,"href":"https:\/\/grupo-organistrum.com\/gl\/wp-json\/wp\/v2\/categories?post=9339"},{"taxonomy":"post_tag","embeddable":true,"href":"https:\/\/grupo-organistrum.com\/gl\/wp-json\/wp\/v2\/tags?post=9339"}],"curies":[{"name":"wp","href":"https:\/\/api.w.org\/{rel}","templated":true}]}}